{"id":22281,"date":"2026-01-14T06:39:07","date_gmt":"2026-01-14T06:39:07","guid":{"rendered":"https:\/\/www.europesays.com\/africa\/22281\/"},"modified":"2026-01-14T06:39:07","modified_gmt":"2026-01-14T06:39:07","slug":"diffusion-senegal-egypte-heure-et-chaine-pour-voir-le-match","status":"publish","type":"post","link":"https:\/\/www.europesays.com\/africa\/22281\/","title":{"rendered":"Diffusion S\u00e9n\u00e9gal\/Egypte &#8211; Heure et cha\u00eene pour voir le match"},"content":{"rendered":"<p>Le S\u00e9n\u00e9gal affronte ce mercredi \u00e0 18h l\u2019\u00c9gypte. Ce sera au Grand Stade de Tanger dans le cadre des demi-finales de la CAN 2025. Un match qui concerne 1 joueur du Paris Saint-Germain, c\u00f4t\u00e9 s\u00e9n\u00e9galais : Ibrahim Mbaye (attaquant de 17 ans). Retrouvez ici les informations \u00e0 propos de la diffusion de ce S\u00e9n\u00e9gal\/Egypte.<\/p>\n<p>Le S\u00e9n\u00e9gal a \u00e9t\u00e9 plut\u00f4t impressionnant jusqu\u2019alors et il peut avoir de la confiance afin de viser la finale, voire le titre. Cependant, on est au stade de la comp\u00e9tition o\u00f9 tout le monde a cela en t\u00eate et dispose d\u2019une certaine confiance. Tout sera possible sur ce match, que l\u2019on esp\u00e8re intense et spectaculaire.<\/p>\n<p>Bien s\u00fbr, on souhaite \u00e0 Mbaye de pouvoir aider sa s\u00e9lection, probablement en tant que rempla\u00e7ant. Ce qui ne l\u2019a pas emp\u00each\u00e9 d\u2019\u00eatre d\u00e9cisif dans la comp\u00e9tition.<\/p>\n<p>La diffusion de S\u00e9n\u00e9gal\/Egypte :<\/p>\n<p>S\u00e9n\u00e9gal\/Egypte sera diffus\u00e9 ce mercredi 14 janvier \u00e0 18h sur beIN SPORTS en France.<\/p>\n<p>Pour voir le match de fa\u00e7on l\u00e9gale, il faudra donc \u00eatre abonn\u00e9 au m\u00e9dia sportif \u00e0 retrouver en cherchant \u00ab\u00a0beIN SPORTS\u00a0\u00bb dans votre moteur de recherche, voire \u00ab\u00a0beIN SPORTS direct\u00a0\u00bb pour vous diriger directement vers le streaming officiel.<\/p>\n<p>Au Maroc : La Cha\u00eene Arrydia diffuse toute la comp\u00e9tition en clair.<\/p>\n<p>En Grande Bretagne :\u00a0Cannel4.<\/p>\n<p>Au Moyen Orient et en Afrique du Nord : beIN SPORTS Mena.<\/p>\n<p>En Afrique subsaharienne et francophone : Canal+Afrique.<\/p>\n<p>\t\t\t\t\t\t\t\t\t\t\t\t\t\t\t\t\t\t\t\t\t\t\t<img decoding=\"async\" src=\"https:\/\/www.europesays.com\/africa\/wp-content\/uploads\/2026\/01\/ParisFans_Logo.png\"\/><\/p>\n","protected":false},"excerpt":{"rendered":"Le S\u00e9n\u00e9gal affronte ce mercredi \u00e0 18h l\u2019\u00c9gypte. Ce sera au Grand Stade de Tanger dans le cadre&hellip;\n","protected":false},"author":2,"featured_media":22282,"comment_status":"","ping_status":"","sticky":false,"template":"","format":"standard","meta":{"footnotes":""},"categories":[48],"tags":[159,13438,2121],"class_list":{"0":"post-22281","1":"post","2":"type-post","3":"status-publish","4":"format-standard","5":"has-post-thumbnail","7":"category-senegal","8":"tag-senegal","9":"tag-senegal-egypte","10":"tag-une"},"share_on_mastodon":{"url":"","error":""},"_links":{"self":[{"href":"https:\/\/www.europesays.com\/africa\/wp-json\/wp\/v2\/posts\/22281","targetHints":{"allow":["GET"]}}],"collection":[{"href":"https:\/\/www.europesays.com\/africa\/wp-json\/wp\/v2\/posts"}],"about":[{"href":"https:\/\/www.europesays.com\/africa\/wp-json\/wp\/v2\/types\/post"}],"author":[{"embeddable":true,"href":"https:\/\/www.europesays.com\/africa\/wp-json\/wp\/v2\/users\/2"}],"replies":[{"embeddable":true,"href":"https:\/\/www.europesays.com\/africa\/wp-json\/wp\/v2\/comments?post=22281"}],"version-history":[{"count":0,"href":"https:\/\/www.europesays.com\/africa\/wp-json\/wp\/v2\/posts\/22281\/revisions"}],"wp:featuredmedia":[{"embeddable":true,"href":"https:\/\/www.europesays.com\/africa\/wp-json\/wp\/v2\/media\/22282"}],"wp:attachment":[{"href":"https:\/\/www.europesays.com\/africa\/wp-json\/wp\/v2\/media?parent=22281"}],"wp:term":[{"taxonomy":"category","embeddable":true,"href":"https:\/\/www.europesays.com\/africa\/wp-json\/wp\/v2\/categories?post=22281"},{"taxonomy":"post_tag","embeddable":true,"href":"https:\/\/www.europesays.com\/africa\/wp-json\/wp\/v2\/tags?post=22281"}],"curies":[{"name":"wp","href":"https:\/\/api.w.org\/{rel}","templated":true}]}}