{"id":22283,"date":"2026-01-14T06:40:13","date_gmt":"2026-01-14T06:40:13","guid":{"rendered":"https:\/\/www.europesays.com\/africa\/22283\/"},"modified":"2026-01-14T06:40:13","modified_gmt":"2026-01-14T06:40:13","slug":"points-de-discorde-et-greve","status":"publish","type":"post","link":"https:\/\/www.europesays.com\/africa\/22283\/","title":{"rendered":"points de discorde et gr\u00e8ve"},"content":{"rendered":"<p>Un mouvement de contestation d\u2019ampleur secoue le corps des avocats. L\u2019Association des barreaux du Maroc (ABAM) a annonc\u00e9 six jours de gr\u00e8ve, pr\u00e9vus du 15 au 16 janvier, du 20 au 21 janvier et du 28 au 29 janvier, pour d\u00e9noncer le projet de loi relatif \u00e0 la profession d\u2019avocat, r\u00e9cemment adopt\u00e9 en Conseil de gouvernement. La mobilisation s\u2019accompagne de l\u2019organisation d\u2019un colloque national et de la pr\u00e9paration d\u2019un sit-in, t\u00e9moignant du rejet profond du texte par les robes noires.<\/p>\n<p>Dans un communiqu\u00e9 publi\u00e9 le 9 janvier, l\u2019ABAM indique que l\u2019ensemble des composantes de la profession est mobilis\u00e9. Les premi\u00e8res journ\u00e9es de gr\u00e8ve ont d\u00e9j\u00e0 provoqu\u00e9 une paralysie notable des tribunaux, confirm\u00e9e par des constats de terrain. Si le minist\u00e8re de la Justice reste discret sur la pol\u00e9mique, le contenu du projet de loi, d\u00e9sormais engag\u00e9 dans le processus l\u00e9gislatif, continue d\u2019alimenter la col\u00e8re des avocats.<\/p>\n<p>Un acc\u00e8s \u00e0 la profession profond\u00e9ment remani\u00e9<\/p>\n<p>Le texte r\u00e9vise la loi 28.08 en vigueur depuis 17 ans et introduit de nouvelles r\u00e8gles d\u2019acc\u00e8s \u00e0 la profession. Il pr\u00e9voit notamment l\u2019instauration d\u2019un concours d\u2019entr\u00e9e \u00e0 l\u2019Institut de formation, en remplacement de l\u2019examen actuel. R\u00e9serv\u00e9 aux titulaires d\u2019un master \u00e2g\u00e9s de 22 ans \u00e0 40 ans, ce concours s\u00e9lectionnera les candidats sur la base de leurs comp\u00e9tences.<\/p>\n<p>Lire aussi:\u00a0<a href=\"https:\/\/www.lebrief.ma\/justice-les-avocats-annoncent-un-arret-total-de-leurs-services-ce-mardi-100136537\/\" rel=\"nofollow noopener\" target=\"_blank\">Justice : les avocats annoncent un arr\u00eat total de leurs services ce mardi<\/a><\/p>\n<p>Les laur\u00e9ats suivront une formation th\u00e9orique d\u2019un an, avant d\u2019entamer un stage de 24 mois sous la supervision des conseils de l\u2019ordre. Vingt mois se d\u00e9rouleront dans un cabinet d\u2019avocats d\u00e9sign\u00e9 par le b\u00e2tonnier, tandis que quatre mois seront consacr\u00e9s \u00e0 un stage dans une administration, une institution publique ou une entreprise publique. Ce parcours s\u2019ach\u00e8vera par un examen de fin de stage donnant acc\u00e8s au CAPA.<\/p>\n<p>Autre nouveaut\u00e9 majeure, l\u2019instauration d\u2019une formation professionnelle obligatoire pour les avocats d\u00e9j\u00e0 en exercice. L\u2019objectif affich\u00e9 est de renforcer les comp\u00e9tences et de permettre une meilleure adaptation aux \u00e9volutions de la profession. Le texte ouvre \u00e9galement la voie \u00e0 des formations continues sp\u00e9cialis\u00e9es.<\/p>\n<p>Ouverture encadr\u00e9e aux avocats \u00e9trangers<\/p>\n<p>Les dispositions relatives \u00e0 l\u2019exercice de la profession, notamment celles autorisant des actes de coop\u00e9ration entre avocats marocains et \u00e9trangers, suscitent une vive opposition. Les avocats y voient une facilitation de l\u2019acc\u00e8s \u00e0 la profession pour les \u00e9trangers, malgr\u00e9 les garde-fous pr\u00e9vus par le texte, comme l\u2019obligation d\u2019un visa du b\u00e2tonnier pour tout contrat de coop\u00e9ration.<\/p>\n<p>Lire aussi : <a href=\"https:\/\/www.lebrief.ma\/projet-de-loi-sur-la-profession-davocat-le-gouvernement-maintient-la-concertation-100137146\/\" rel=\"nofollow noopener\" target=\"_blank\">Projet de loi sur la profession d\u2019avocat : le gouvernement maintient la concertation<\/a><\/p>\n<p>Encore plus controvers\u00e9e, l\u2019autorisation exceptionnelle accord\u00e9e au minist\u00e8re de la Justice permettrait \u00e0 des cabinets \u00e9trangers non autoris\u00e9s d\u2019exercer au Maroc dans le cadre de projets d\u2019investissement. Ces cabinets seraient inscrits sur une liste distincte et limit\u00e9s au seul projet concern\u00e9, une disposition jug\u00e9e inacceptable par les robes noires.<\/p>\n<p>Des dispositions per\u00e7ues comme des atteintes \u00e0 l\u2019ind\u00e9pendance<\/p>\n<p>Le projet de loi pr\u00e9voit la cr\u00e9ation du Conseil des ordres des avocats, qui deviendrait l\u2019unique repr\u00e9sentant de la profession aupr\u00e8s des autorit\u00e9s. Dot\u00e9 d\u2019une autonomie morale et financi\u00e8re, ce Conseil serait charg\u00e9 de la cr\u00e9ation de nouveaux barreaux, de l\u2019\u00e9laboration des r\u00e8gles d\u00e9ontologiques et de la gestion unifi\u00e9e des comptes de d\u00e9p\u00f4ts, avec une repr\u00e9sentation f\u00e9minine garantie.<\/p>\n<p>La limitation du mandat du b\u00e2tonnier \u00e0 un seul mandat non renouvelable, le droit de recours accord\u00e9 au procureur g\u00e9n\u00e9ral du Roi dans les dossiers disciplinaires, ainsi que l\u2019obligation de paiements par ch\u00e8que ou voie \u00e9lectronique au-del\u00e0 de 10.000 dirhams figurent parmi les mesures les plus critiqu\u00e9es. Pour les avocats, ces dispositions portent atteinte \u00e0 l\u2019ind\u00e9pendance de la profession et ignorent les r\u00e9alit\u00e9s sociales de nombreux justiciables.<\/p>\n","protected":false},"excerpt":{"rendered":"Un mouvement de contestation d\u2019ampleur secoue le corps des avocats. L\u2019Association des barreaux du Maroc (ABAM) a annonc\u00e9&hellip;\n","protected":false},"author":2,"featured_media":22284,"comment_status":"","ping_status":"","sticky":false,"template":"","format":"standard","meta":{"footnotes":""},"categories":[41],"tags":[158],"class_list":{"0":"post-22283","1":"post","2":"type-post","3":"status-publish","4":"format-standard","5":"has-post-thumbnail","7":"category-maroc","8":"tag-maroc"},"share_on_mastodon":{"url":"","error":""},"_links":{"self":[{"href":"https:\/\/www.europesays.com\/africa\/wp-json\/wp\/v2\/posts\/22283","targetHints":{"allow":["GET"]}}],"collection":[{"href":"https:\/\/www.europesays.com\/africa\/wp-json\/wp\/v2\/posts"}],"about":[{"href":"https:\/\/www.europesays.com\/africa\/wp-json\/wp\/v2\/types\/post"}],"author":[{"embeddable":true,"href":"https:\/\/www.europesays.com\/africa\/wp-json\/wp\/v2\/users\/2"}],"replies":[{"embeddable":true,"href":"https:\/\/www.europesays.com\/africa\/wp-json\/wp\/v2\/comments?post=22283"}],"version-history":[{"count":0,"href":"https:\/\/www.europesays.com\/africa\/wp-json\/wp\/v2\/posts\/22283\/revisions"}],"wp:featuredmedia":[{"embeddable":true,"href":"https:\/\/www.europesays.com\/africa\/wp-json\/wp\/v2\/media\/22284"}],"wp:attachment":[{"href":"https:\/\/www.europesays.com\/africa\/wp-json\/wp\/v2\/media?parent=22283"}],"wp:term":[{"taxonomy":"category","embeddable":true,"href":"https:\/\/www.europesays.com\/africa\/wp-json\/wp\/v2\/categories?post=22283"},{"taxonomy":"post_tag","embeddable":true,"href":"https:\/\/www.europesays.com\/africa\/wp-json\/wp\/v2\/tags?post=22283"}],"curies":[{"name":"wp","href":"https:\/\/api.w.org\/{rel}","templated":true}]}}