{"id":22364,"date":"2026-01-14T07:32:08","date_gmt":"2026-01-14T07:32:08","guid":{"rendered":"https:\/\/www.europesays.com\/africa\/22364\/"},"modified":"2026-01-14T07:32:08","modified_gmt":"2026-01-14T07:32:08","slug":"kenya-le-premier-ministre-musalia-mudavadi-attendu-a-paris-pour-preparer-le-sommet-afrique-france","status":"publish","type":"post","link":"https:\/\/www.europesays.com\/africa\/22364\/","title":{"rendered":"Kenya \u2022 Le premier ministre, Musalia Mudavadi, attendu \u00e0 Paris pour pr\u00e9parer le sommet Afrique-France"},"content":{"rendered":"<p>Africa Intelligence utilise des cookies lors de votre visite, pour assurer le bon fonctionnement de ce site, mesurer et analyser l&#8217;audience et fournir un support utilisateur.<\/p>\n<p>\u00c0 l&#8217;exception des cookies n\u00e9cessaires au bon fonctionnement du site, vous pouvez librement donner ou non votre accord au d\u00e9p\u00f4t de cookies.<\/p>\n<p>Cliquez sur &#8220;Accepter et fermer&#8221; pour consentir \u00e0 l&#8217;ensemble des cookies, ou sur &#8220;Param\u00e9trer mes choix&#8221; pour les personnaliser. Vous pouvez \u00e0 tout moment modifier vos pr\u00e9f\u00e9rences en consultant notre page <a href=\"https:\/\/www.africaintelligence.fr\/info\/cookies_informations\" rel=\"nofollow noopener\" target=\"_blank\"> Gestion des cookies<\/a>.<\/p>\n","protected":false},"excerpt":{"rendered":"Africa Intelligence utilise des cookies lors de votre visite, pour assurer le bon fonctionnement de ce site, mesurer&hellip;\n","protected":false},"author":2,"featured_media":22365,"comment_status":"","ping_status":"","sticky":false,"template":"","format":"standard","meta":{"footnotes":""},"categories":[62],"tags":[64],"class_list":{"0":"post-22364","1":"post","2":"type-post","3":"status-publish","4":"format-standard","5":"has-post-thumbnail","7":"category-afrique","8":"tag-afrique"},"share_on_mastodon":{"url":"","error":""},"_links":{"self":[{"href":"https:\/\/www.europesays.com\/africa\/wp-json\/wp\/v2\/posts\/22364","targetHints":{"allow":["GET"]}}],"collection":[{"href":"https:\/\/www.europesays.com\/africa\/wp-json\/wp\/v2\/posts"}],"about":[{"href":"https:\/\/www.europesays.com\/africa\/wp-json\/wp\/v2\/types\/post"}],"author":[{"embeddable":true,"href":"https:\/\/www.europesays.com\/africa\/wp-json\/wp\/v2\/users\/2"}],"replies":[{"embeddable":true,"href":"https:\/\/www.europesays.com\/africa\/wp-json\/wp\/v2\/comments?post=22364"}],"version-history":[{"count":0,"href":"https:\/\/www.europesays.com\/africa\/wp-json\/wp\/v2\/posts\/22364\/revisions"}],"wp:featuredmedia":[{"embeddable":true,"href":"https:\/\/www.europesays.com\/africa\/wp-json\/wp\/v2\/media\/22365"}],"wp:attachment":[{"href":"https:\/\/www.europesays.com\/africa\/wp-json\/wp\/v2\/media?parent=22364"}],"wp:term":[{"taxonomy":"category","embeddable":true,"href":"https:\/\/www.europesays.com\/africa\/wp-json\/wp\/v2\/categories?post=22364"},{"taxonomy":"post_tag","embeddable":true,"href":"https:\/\/www.europesays.com\/africa\/wp-json\/wp\/v2\/tags?post=22364"}],"curies":[{"name":"wp","href":"https:\/\/api.w.org\/{rel}","templated":true}]}}