{"id":22370,"date":"2026-01-14T07:36:07","date_gmt":"2026-01-14T07:36:07","guid":{"rendered":"https:\/\/www.europesays.com\/africa\/22370\/"},"modified":"2026-01-14T07:36:07","modified_gmt":"2026-01-14T07:36:07","slug":"fes-meknes-retrouve-lespoir-dune-grande-campagne-agricole","status":"publish","type":"post","link":"https:\/\/www.europesays.com\/africa\/22370\/","title":{"rendered":"F\u00e8s-Mekn\u00e8s retrouve l\u2019espoir d\u2019une grande campagne agricole"},"content":{"rendered":"<p style=\"text-align: justify;\" data-start=\"330\" data-end=\"679\">La campagne agricole 2025-2026 s\u2019annonce sous de bien meilleurs auspices dans la r\u00e9gion de F\u00e8s-Mekn\u00e8s. Apr\u00e8s plusieurs saisons marqu\u00e9es par l\u2019irr\u00e9gularit\u00e9 climatique, le retour significatif des pr\u00e9cipitations, conjugu\u00e9 \u00e0 une \u00e9volution progressive des pratiques agricoles, redonne de l\u2019\u00e9lan \u00e0 l\u2019activit\u00e9 rurale et ravive l\u2019optimisme des agriculteurs.<\/p>\n<p style=\"text-align: justify;\" data-start=\"681\" data-end=\"992\">Selon le directeur r\u00e9gional de l\u2019Agriculture, Kamal Hidane, la saison en cours marque une v\u00e9ritable rupture avec la campagne pr\u00e9c\u00e9dente. La situation hydrique a profond\u00e9ment chang\u00e9, cr\u00e9ant les conditions d\u2019une reprise productive tout en accompagnant une transformation plus structurelle des syst\u00e8mes de culture.<\/p>\n<p style=\"text-align: justify;\" data-start=\"994\" data-end=\"1379\">\u00c0 l\u2019\u00e9chelle r\u00e9gionale, le cumul pluviom\u00e9trique moyen atteint 275,7 mm, contre 219 mm \u00e0 la m\u00eame p\u00e9riode l\u2019an dernier. Certaines provinces ont b\u00e9n\u00e9fici\u00e9 d\u2019apports nettement sup\u00e9rieurs, \u00e0 l\u2019image de Mekn\u00e8s avec 424,4 mm et d\u2019Ifrane avec 350,5 mm. M\u00eame les zones traditionnellement plus expos\u00e9es au stress hydrique, comme Boulemane, ont enregistr\u00e9 des pr\u00e9cipitations notables, avec 133 mm.<\/p>\n<p style=\"text-align: justify;\" data-start=\"1381\" data-end=\"1797\">Sur le terrain, ces conditions se traduisent par un \u00e9tat v\u00e9g\u00e9tatif jug\u00e9 encourageant. Les pluies successives ont favoris\u00e9 une lev\u00e9e homog\u00e8ne des cultures semi-tardives et un tallage vigoureux des c\u00e9r\u00e9ales pr\u00e9coces. Cette dynamique profite \u00e9galement \u00e0 l\u2019\u00e9levage, avec une nette am\u00e9lioration de la biomasse fourrag\u00e8re, r\u00e9duisant la d\u00e9pendance des \u00e9leveurs aux aliments industriels et all\u00e9geant, de fait, leurs charges.<\/p>\n<p style=\"text-align: justify;\" data-start=\"1799\" data-end=\"2312\">Le programme des cultures d\u2019automne affiche, \u00e0 ce stade, un taux de r\u00e9alisation proche de 78 %. Sur un objectif global de 790.505 hectares, pr\u00e8s de 618.495 hectares ont d\u00e9j\u00e0 \u00e9t\u00e9 emblav\u00e9s. Les c\u00e9r\u00e9ales d\u2019automne occupent la part la plus importante, avec 519.085 hectares sem\u00e9s, principalement en bl\u00e9 tendre. Les l\u00e9gumineuses alimentaires et les cultures fourrag\u00e8res suivent la m\u00eame tendance, avec des taux d\u2019ex\u00e9cution respectifs de 69 % et 82 %, assurant un socle essentiel pour l\u2019alimentation du cheptel r\u00e9gional.<\/p>\n<p style=\"text-align: justify;\" data-start=\"2314\" data-end=\"2750\">Au-del\u00e0 de la conjoncture climatique favorable, la campagne actuelle illustre \u00e9galement l\u2019acc\u00e9l\u00e9ration d\u2019un virage strat\u00e9gique vers une agriculture plus r\u00e9siliente. L\u2019adoption du semis direct s\u2019impose d\u00e9sormais comme un indicateur fort de cette transition. Avec plus de 59.000 hectares cultiv\u00e9s selon cette technique, principalement en c\u00e9r\u00e9ales, la r\u00e9gion franchit un cap, faisant du semis direct un outil op\u00e9rationnel \u00e0 grande \u00e9chelle.<\/p>\n<p style=\"text-align: justify;\" data-start=\"2752\" data-end=\"3192\">Cette orientation s\u2019accompagne d\u2019efforts de diversification culturale, notamment \u00e0 travers l\u2019introduction du colza et des plantes aromatiques, afin de limiter les effets de la monoculture. Parall\u00e8lement, le recours \u00e0 l\u2019irrigation reste un levier de s\u00e9curisation important. Plus de 20.000 hectares de grandes cultures, dont 12.000 hectares de c\u00e9r\u00e9ales, ont \u00e9t\u00e9 install\u00e9s en irrigu\u00e9 pour anticiper d\u2019\u00e9ventuels d\u00e9ficits hydriques au printemps.<\/p>\n<p style=\"text-align: justify;\" data-start=\"3194\" data-end=\"3579\">Sur le plan de l\u2019accompagnement, les services r\u00e9gionaux ont d\u00e9ploy\u00e9 un dispositif couvrant la multiplication de semences certifi\u00e9es, l\u2019acc\u00e8s \u00e0 des intrants de qualit\u00e9 et le d\u00e9veloppement du mara\u00eechage d\u2019hiver. Pr\u00e8s de 9.600 hectares sont ainsi consacr\u00e9s aux cultures mara\u00eech\u00e8res, principalement la pomme de terre et l\u2019oignon, afin de garantir un approvisionnement r\u00e9gulier des march\u00e9s.<\/p>\n<p style=\"text-align: justify;\" data-start=\"3581\" data-end=\"3877\">Si les autorit\u00e9s agricoles restent prudentes quant aux rendements d\u00e9finitifs, les perspectives apparaissent encourageantes. Une pluviom\u00e9trie bien r\u00e9partie au printemps pourrait permettre d\u2019atteindre des niveaux de production c\u00e9r\u00e9ali\u00e8re nettement sup\u00e9rieurs \u00e0 la moyenne des cinq derni\u00e8res ann\u00e9es.<\/p>\n<p style=\"text-align: justify;\" data-start=\"3879\" data-end=\"4163\">Au-del\u00e0 des r\u00e9sultats agricoles attendus, cette dynamique se traduit d\u00e9j\u00e0 par une activit\u00e9 soutenue en milieu rural. Les travaux culturaux mobilisent la main-d\u2019\u0153uvre locale, r\u00e9injectent de la liquidit\u00e9 dans l\u2019\u00e9conomie r\u00e9gionale et contribuent \u00e0 stabiliser les revenus des exploitants.<\/p>\n<p style=\"text-align: justify;\" data-start=\"4165\" data-end=\"4458\">Les indicateurs sont donc orient\u00e9s positivement, mais la vigilance demeure de mise. Le suivi sanitaire des cultures, la gestion raisonn\u00e9e de la fertilisation et l\u2019optimisation de l\u2019usage de l\u2019eau restent des priorit\u00e9s pour transformer ce d\u00e9part prometteur en une r\u00e9colte durable et \u00e9quilibr\u00e9e.<\/p>\n","protected":false},"excerpt":{"rendered":"La campagne agricole 2025-2026 s\u2019annonce sous de bien meilleurs auspices dans la r\u00e9gion de F\u00e8s-Mekn\u00e8s. Apr\u00e8s plusieurs saisons&hellip;\n","protected":false},"author":2,"featured_media":22371,"comment_status":"","ping_status":"","sticky":false,"template":"","format":"standard","meta":{"footnotes":""},"categories":[41],"tags":[1140,4173,158,13809],"class_list":{"0":"post-22370","1":"post","2":"type-post","3":"status-publish","4":"format-standard","5":"has-post-thumbnail","7":"category-maroc","8":"tag-agriculture","9":"tag-fes-meknes","10":"tag-maroc","11":"tag-regions"},"share_on_mastodon":{"url":"","error":""},"_links":{"self":[{"href":"https:\/\/www.europesays.com\/africa\/wp-json\/wp\/v2\/posts\/22370","targetHints":{"allow":["GET"]}}],"collection":[{"href":"https:\/\/www.europesays.com\/africa\/wp-json\/wp\/v2\/posts"}],"about":[{"href":"https:\/\/www.europesays.com\/africa\/wp-json\/wp\/v2\/types\/post"}],"author":[{"embeddable":true,"href":"https:\/\/www.europesays.com\/africa\/wp-json\/wp\/v2\/users\/2"}],"replies":[{"embeddable":true,"href":"https:\/\/www.europesays.com\/africa\/wp-json\/wp\/v2\/comments?post=22370"}],"version-history":[{"count":0,"href":"https:\/\/www.europesays.com\/africa\/wp-json\/wp\/v2\/posts\/22370\/revisions"}],"wp:featuredmedia":[{"embeddable":true,"href":"https:\/\/www.europesays.com\/africa\/wp-json\/wp\/v2\/media\/22371"}],"wp:attachment":[{"href":"https:\/\/www.europesays.com\/africa\/wp-json\/wp\/v2\/media?parent=22370"}],"wp:term":[{"taxonomy":"category","embeddable":true,"href":"https:\/\/www.europesays.com\/africa\/wp-json\/wp\/v2\/categories?post=22370"},{"taxonomy":"post_tag","embeddable":true,"href":"https:\/\/www.europesays.com\/africa\/wp-json\/wp\/v2\/tags?post=22370"}],"curies":[{"name":"wp","href":"https:\/\/api.w.org\/{rel}","templated":true}]}}