{"id":22388,"date":"2026-01-14T07:46:11","date_gmt":"2026-01-14T07:46:11","guid":{"rendered":"https:\/\/www.europesays.com\/africa\/22388\/"},"modified":"2026-01-14T07:46:11","modified_gmt":"2026-01-14T07:46:11","slug":"le-senegal-a-laise-dans-son-costume-de-grand-dafrique","status":"publish","type":"post","link":"https:\/\/www.europesays.com\/africa\/22388\/","title":{"rendered":"le S\u00e9n\u00e9gal, \u00e0 l\u2019aise dans son costume de grand d\u2019Afrique"},"content":{"rendered":"<p>Ils sont \u00e0 leur place, et sans faire de bruit. Ce qui, dans une comp\u00e9tition aussi tonitruante que la Coupe d\u2019Afrique des nations, encore une fois charg\u00e9e en pol\u00e9miques sur l\u2019arbitrage et en sous-entendus g\u00e9opolitiques, n\u2019est pas rien. Les Lions de la Teranga s\u00e9n\u00e9galais retrouvent ce mercredi 14 janvier les Pharaons \u00e9gyptiens en demi-finale, et s\u2019appliquent \u00e0 afficher une s\u00e9r\u00e9nit\u00e9 qui ne semble pas que de fa\u00e7ade.<\/p>\n<p>Cet article est r\u00e9serv\u00e9 aux abonn\u00e9s<\/p>\n<p>\n                    Vous souhaitez lire la suite\u00a0? Abonnez-vous sans engagement \u00e0 notre offre num\u00e9rique\n                <\/p>\n<p>                <a href=\"https:\/\/abonnement.la-croix.com\" class=\"default-paywall__subscribe-button\" data-tracking=\"cta_click\" data-tracking-action=\"voir la page abonnement\" data-tracking-category=\"abonnement\" rel=\"nofollow noopener\" target=\"_blank\">Je m&#8217;abonne<\/a><\/p>\n","protected":false},"excerpt":{"rendered":"Ils sont \u00e0 leur place, et sans faire de bruit. Ce qui, dans une comp\u00e9tition aussi tonitruante que&hellip;\n","protected":false},"author":2,"featured_media":22389,"comment_status":"","ping_status":"","sticky":false,"template":"","format":"standard","meta":{"footnotes":""},"categories":[62],"tags":[64],"class_list":{"0":"post-22388","1":"post","2":"type-post","3":"status-publish","4":"format-standard","5":"has-post-thumbnail","7":"category-afrique","8":"tag-afrique"},"share_on_mastodon":{"url":"","error":""},"_links":{"self":[{"href":"https:\/\/www.europesays.com\/africa\/wp-json\/wp\/v2\/posts\/22388","targetHints":{"allow":["GET"]}}],"collection":[{"href":"https:\/\/www.europesays.com\/africa\/wp-json\/wp\/v2\/posts"}],"about":[{"href":"https:\/\/www.europesays.com\/africa\/wp-json\/wp\/v2\/types\/post"}],"author":[{"embeddable":true,"href":"https:\/\/www.europesays.com\/africa\/wp-json\/wp\/v2\/users\/2"}],"replies":[{"embeddable":true,"href":"https:\/\/www.europesays.com\/africa\/wp-json\/wp\/v2\/comments?post=22388"}],"version-history":[{"count":0,"href":"https:\/\/www.europesays.com\/africa\/wp-json\/wp\/v2\/posts\/22388\/revisions"}],"wp:featuredmedia":[{"embeddable":true,"href":"https:\/\/www.europesays.com\/africa\/wp-json\/wp\/v2\/media\/22389"}],"wp:attachment":[{"href":"https:\/\/www.europesays.com\/africa\/wp-json\/wp\/v2\/media?parent=22388"}],"wp:term":[{"taxonomy":"category","embeddable":true,"href":"https:\/\/www.europesays.com\/africa\/wp-json\/wp\/v2\/categories?post=22388"},{"taxonomy":"post_tag","embeddable":true,"href":"https:\/\/www.europesays.com\/africa\/wp-json\/wp\/v2\/tags?post=22388"}],"curies":[{"name":"wp","href":"https:\/\/api.w.org\/{rel}","templated":true}]}}