{"id":22480,"date":"2026-01-14T08:42:17","date_gmt":"2026-01-14T08:42:17","guid":{"rendered":"https:\/\/www.europesays.com\/africa\/22480\/"},"modified":"2026-01-14T08:42:17","modified_gmt":"2026-01-14T08:42:17","slug":"a-johannesburg-la-fondation-loreal-en-partenariat-avec-lunesco-met-a-lhonneur-les-femmes-scientifiques-sur-le-continent","status":"publish","type":"post","link":"https:\/\/www.europesays.com\/africa\/22480\/","title":{"rendered":"\u00c0 Johannesburg, la Fondation L\u2019Or\u00e9al en partenariat avec l&#8217;UNESCO met \u00e0 l\u2019honneur les femmes scientifiques sur le continent"},"content":{"rendered":"<p><a href=\"https:\/\/www.brut.media\/afrique\/sciences-technologies\" class=\"breadcrumbs-link w-inline-block\" rel=\"nofollow noopener\" target=\"_blank\"><\/p>\n<p>Sciences &amp; Technologies<\/p>\n<p><\/a><a href=\"https:\/\/www.brut.media\/afrique\/sciences-technologies\/sciences\" class=\"breadcrumbs-link w-inline-block\" rel=\"nofollow noopener\" target=\"_blank\"><\/p>\n<p>Sciences<\/p>\n<p><\/a><\/p>\n<p>\ud83c\uddff\ud83c\udde6 Brut a rencontr\u00e9 Dr Ramal Cyrielle Ndougonna, chercheuse tchadienne en phytopathologie, et Anotidaishe Chinyadza, \u00e9tudiante \u00e0 l\u2019African Leadership Academy \u00e0 l\u2019occasion du programme For Women in Science.<br \/>\nEntre formations et \u00e9changes, elles racontent pourquoi ce programme est essentiel pour accompagner les femmes dans les carri\u00e8res scientifiques.<\/p>\n<p>En partenariat avec L&#8217;Or\u00e9al-UNESCO<\/p>\n<p>Publi\u00e9 le<\/p>\n<p>13<\/p>\n<p>\/<\/p>\n<p>01<\/p>\n<p>\/<\/p>\n<p>2026<\/p>\n","protected":false},"excerpt":{"rendered":"Sciences &amp; Technologies Sciences \ud83c\uddff\ud83c\udde6 Brut a rencontr\u00e9 Dr Ramal Cyrielle Ndougonna, chercheuse tchadienne en phytopathologie, et Anotidaishe&hellip;\n","protected":false},"author":2,"featured_media":22481,"comment_status":"","ping_status":"","sticky":false,"template":"","format":"standard","meta":{"footnotes":""},"categories":[62],"tags":[64],"class_list":{"0":"post-22480","1":"post","2":"type-post","3":"status-publish","4":"format-standard","5":"has-post-thumbnail","7":"category-afrique","8":"tag-afrique"},"share_on_mastodon":{"url":"","error":""},"_links":{"self":[{"href":"https:\/\/www.europesays.com\/africa\/wp-json\/wp\/v2\/posts\/22480","targetHints":{"allow":["GET"]}}],"collection":[{"href":"https:\/\/www.europesays.com\/africa\/wp-json\/wp\/v2\/posts"}],"about":[{"href":"https:\/\/www.europesays.com\/africa\/wp-json\/wp\/v2\/types\/post"}],"author":[{"embeddable":true,"href":"https:\/\/www.europesays.com\/africa\/wp-json\/wp\/v2\/users\/2"}],"replies":[{"embeddable":true,"href":"https:\/\/www.europesays.com\/africa\/wp-json\/wp\/v2\/comments?post=22480"}],"version-history":[{"count":0,"href":"https:\/\/www.europesays.com\/africa\/wp-json\/wp\/v2\/posts\/22480\/revisions"}],"wp:featuredmedia":[{"embeddable":true,"href":"https:\/\/www.europesays.com\/africa\/wp-json\/wp\/v2\/media\/22481"}],"wp:attachment":[{"href":"https:\/\/www.europesays.com\/africa\/wp-json\/wp\/v2\/media?parent=22480"}],"wp:term":[{"taxonomy":"category","embeddable":true,"href":"https:\/\/www.europesays.com\/africa\/wp-json\/wp\/v2\/categories?post=22480"},{"taxonomy":"post_tag","embeddable":true,"href":"https:\/\/www.europesays.com\/africa\/wp-json\/wp\/v2\/tags?post=22480"}],"curies":[{"name":"wp","href":"https:\/\/api.w.org\/{rel}","templated":true}]}}