{"id":22567,"date":"2026-01-14T09:41:06","date_gmt":"2026-01-14T09:41:06","guid":{"rendered":"https:\/\/www.europesays.com\/africa\/22567\/"},"modified":"2026-01-14T09:41:06","modified_gmt":"2026-01-14T09:41:06","slug":"un-homme-violemment-agresse-par-un-groupe-de-supporters-algeriens","status":"publish","type":"post","link":"https:\/\/www.europesays.com\/africa\/22567\/","title":{"rendered":"un homme violemment agress\u00e9 par un groupe de supporters alg\u00e9riens"},"content":{"rendered":"<p>            <img decoding=\"async\" alt=\"Affrontements entre les forces de l'ordre et des supporters alg\u00e9riens \u00e0 Marseille, le 10 janvier 2026.\" src=\"https:\/\/www.europesays.com\/africa\/wp-content\/uploads\/2026\/01\/sipa_01247936_000017.jpg\" width=\"375\" height=\"250\" loading=\"lazy\"\/><\/p>\n<p>\n    Affrontements entre les forces de l&#8217;ordre et des supporters alg\u00e9riens \u00e0 Marseille, le 10 janvier 2026.<\/p>\n<p>                Frederic MUNSCH\/SIPA<br \/>\n                                        \/<br \/>\n                                                    \u00a9 Frederic MUNSCH\/SIPA<\/p>\n<p>Un incident en marge d\u2019un match de l\u2019Alg\u00e9rie en Coupe d\u2019Afrique des Nations (CAN) est <a href=\"https:\/\/www.lejdd.fr\/Societe\/elimination-de-lalgerie-a-la-can-des-policiers-agresses-dans-plusieurs-villes-de-france-165771\" rel=\"nofollow noopener\" target=\"_blank\">de nouveau<\/a> \u00e9pingl\u00e9 par la presse. Le samedi\u00a010\u00a0janvier, un homme a \u00e9t\u00e9 pass\u00e9 \u00e0 tabac dans un bar du 15e arrondissement de Marseille par un groupe de supporters alg\u00e9riens, alors qu\u2019il assistait au match Alg\u00e9rie-Nigeria en quarts de finale de la comp\u00e9tition.<\/p>\n<p>\u00ab\u00a0Je ne parle pas alg\u00e9rien, mais j\u2019ai compris les insultes\u00a0\u00bb<\/p>\n<p>Aupr\u00e8s de <a href=\"https:\/\/france3-regions.franceinfo.fr\/provence-alpes-cote-d-azur\/bouches-du-rhone\/marseille\/recroqueville-j-ai-encaisse-les-coups-ecchymoses-points-de-suture-dix-jours-d-itt-un-homme-tabasse-lors-de-la-finale-algerie-nigeria-3281102.html\" rel=\"nofollow noopener\" target=\"_blank\">France 3<\/a>, l\u2019individu, pr\u00e9nomm\u00e9 Nader, raconte s\u2019\u00eatre rendu dans cet \u00e9tablissement appartenant \u00e0 son beau-p\u00e8re, \u00ab\u00a0juste pour boire un caf\u00e9 et profiter du match\u00a0\u00bb. Alors qu\u2019il sort son t\u00e9l\u00e9phone portable pour regarder la rencontre quelques secondes en avance sur la diffusion \u00e0 la t\u00e9l\u00e9vision, un individu lui intime d\u2019\u00e9teindre son \u00e9cran. Quelques minutes plus tard, Nader est abord\u00e9 par trois supporters alg\u00e9riens, qui se jettent sur lui et le frappent. \u00ab\u00a0Je ne parle pas alg\u00e9rien, mais j\u2019ai compris les insultes, raconte-t-il. D\u2019autres hommes se joignent aux agresseurs pour le rouer de coups. \u00ab\u00a0\u00c7a a co\u00efncid\u00e9 avec la d\u00e9faite de <a href=\"https:\/\/www.lejdd.fr\/Societe\/elimination-de-lalgerie-a-la-can-des-policiers-agresses-dans-plusieurs-villes-de-france-165771\" rel=\"nofollow noopener\" target=\"_blank\">l\u2019Alg\u00e9rie<\/a>. Ils m\u2019ont tap\u00e9 jusqu\u2019au sang avec des matraques t\u00e9lescopiques, les poings, les pieds\u2026 Ils ont continu\u00e9 de me frapper m\u00eame lorsque le sang a commenc\u00e9 \u00e0 jaillir. [\u2026] Ils m\u2019ont ensuite jet\u00e9 une chaise et une tasse \u00e0 caf\u00e9 dessus\u00a0\u00bb. Souffrant de plaies partout sur le corps, il est transport\u00e9 \u00e0 l\u2019h\u00f4pital nord de <a href=\"https:\/\/www.lejdd.fr\/politique\/marseille-lex-binome-de-sandrine-rousseau-chez-eelv-une-nouvelle-fois-condamne-165714\" rel=\"nofollow noopener\" target=\"_blank\">Marseille<\/a>. Il s\u2019en sort avec onze points de suture au front et dix jours d\u2019interruption totale de travail (ITT).<\/p>\n<p>    La suite apr\u00e8s cette publicit\u00e9<\/p>\n<p>D\u00e8s le lendemain, Nader porte plainte contre X, affirmant reconna\u00eetre parmi ses agresseurs un vendeur \u00e0 la sauvette qui fr\u00e9quente le march\u00e9 aux puces mitoyen de l\u2019\u00e9tablissement. Il indique avoir t\u00e9moign\u00e9 aupr\u00e8s de nos confr\u00e8res pour pointer du doigt la violence exerc\u00e9e par certains supporters dans le cadre des matchs. Pour les deux derni\u00e8res rencontres de la CAN, le pr\u00e9fet des Bouches-du-Rh\u00f4ne avait annonc\u00e9 des mesures de s\u00e9curit\u00e9 pour \u00e9viter tout d\u00e9bordement, telles l\u2019interdiction de circulation des voitures sur le Vieux-Port. Le 6\u00a0janvier dernier, des supporters alg\u00e9riens avaient d\u00e9j\u00e0 <a href=\"https:\/\/www.lejdd.fr\/Societe\/ils-detestent-la-france-des-supporters-algeriens-grimpent-sur-le-sapin-de-noel-de-marseille-165673\" rel=\"nofollow noopener\" target=\"_blank\">d\u00e9grad\u00e9 les d\u00e9corations du quartier de la Canebi\u00e8re<\/a> en grimpant sur l\u2019immense sapin, apr\u00e8s la victoire de leur \u00e9quipe en 8e de finale.<\/p>\n","protected":false},"excerpt":{"rendered":"Affrontements entre les forces de l&#8217;ordre et des supporters alg\u00e9riens \u00e0 Marseille, le 10 janvier 2026. Frederic MUNSCH\/SIPA&hellip;\n","protected":false},"author":2,"featured_media":22568,"comment_status":"","ping_status":"","sticky":false,"template":"","format":"standard","meta":{"footnotes":""},"categories":[254],"tags":[255],"class_list":{"0":"post-22567","1":"post","2":"type-post","3":"status-publish","4":"format-standard","5":"has-post-thumbnail","7":"category-algerie","8":"tag-algerie"},"share_on_mastodon":{"url":"","error":""},"_links":{"self":[{"href":"https:\/\/www.europesays.com\/africa\/wp-json\/wp\/v2\/posts\/22567","targetHints":{"allow":["GET"]}}],"collection":[{"href":"https:\/\/www.europesays.com\/africa\/wp-json\/wp\/v2\/posts"}],"about":[{"href":"https:\/\/www.europesays.com\/africa\/wp-json\/wp\/v2\/types\/post"}],"author":[{"embeddable":true,"href":"https:\/\/www.europesays.com\/africa\/wp-json\/wp\/v2\/users\/2"}],"replies":[{"embeddable":true,"href":"https:\/\/www.europesays.com\/africa\/wp-json\/wp\/v2\/comments?post=22567"}],"version-history":[{"count":0,"href":"https:\/\/www.europesays.com\/africa\/wp-json\/wp\/v2\/posts\/22567\/revisions"}],"wp:featuredmedia":[{"embeddable":true,"href":"https:\/\/www.europesays.com\/africa\/wp-json\/wp\/v2\/media\/22568"}],"wp:attachment":[{"href":"https:\/\/www.europesays.com\/africa\/wp-json\/wp\/v2\/media?parent=22567"}],"wp:term":[{"taxonomy":"category","embeddable":true,"href":"https:\/\/www.europesays.com\/africa\/wp-json\/wp\/v2\/categories?post=22567"},{"taxonomy":"post_tag","embeddable":true,"href":"https:\/\/www.europesays.com\/africa\/wp-json\/wp\/v2\/tags?post=22567"}],"curies":[{"name":"wp","href":"https:\/\/api.w.org\/{rel}","templated":true}]}}