{"id":22571,"date":"2026-01-14T09:43:11","date_gmt":"2026-01-14T09:43:11","guid":{"rendered":"https:\/\/www.europesays.com\/africa\/22571\/"},"modified":"2026-01-14T09:43:11","modified_gmt":"2026-01-14T09:43:11","slug":"ce-match-a-rassure-tout-le-monde-comment-la-demonstration-contre-le-cameroun-a-redonne-confiance-au-maroc-avant-daffronter-le-nigeria","status":"publish","type":"post","link":"https:\/\/www.europesays.com\/africa\/22571\/","title":{"rendered":"&#8220;Ce match a rassur\u00e9 tout le monde&#8221;, comment la d\u00e9monstration contre le Cameroun a redonn\u00e9 confiance au Maroc avant d\u2019affronter le Nigeria"},"content":{"rendered":"<p>Le Maroc va d\u00e9fier le Nigeria en demi-finale de la Coupe d\u2019Afrique des nations 2025, ce mercredi au stade Prince Moulay Abdellah de Rabat (21h). Un choc face aux partenaires de Victor Osimhen que les Marocains abordent dans une ambiance sereine apr\u00e8s leur succ\u00e8s convaincant contre le Cameroun en quarts de finale (2-0).<\/p>\n<p>Un vent de soulagement et d\u2019optimisme aux quatre coins du pays. <a href=\"https:\/\/rmcsport.bfmtv.com\/football\/coupe-d-afrique-des-nations\/cameroun-maroc-un-match-abouti-les-marocains-avancent-avec-humilite-vers-les-demi-finales-de-la-can-2025_AV-202601090968.html\" title=\"Cameroun-Maroc: &quot;Un match abouti&quot;, les Marocains avancent avec &quot;humilit\u00e9&quot; vers les demi-finales de la CAN 2025\" class=\"internal_link\" rel=\"nofollow noopener\" target=\"_blank\">Le succ\u00e8s sans appel face au Cameroun<\/a> en quarts de finale de <a href=\"https:\/\/rmcsport.bfmtv.com\/football\/coupe-d-afrique-des-nations\/can-2025-walid-regragui-passe-a-l-attaque-avant-la-demi-finale-maroc-nigeria_AV-202601130645.html\" title=\"CAN 2025: Walid Regragui passe \u00e0 l\u2019attaque avant la demi-finale Maroc-Nigeria\" class=\"internal_link\" rel=\"nofollow noopener\" target=\"_blank\">la Coupe d\u2019Afrique des nations 2025<\/a>, vendredi dernier \u00e0 Rabat (2-0), a marqu\u00e9 un tournant majeur dans l\u2019\u00e9pop\u00e9e du Maroc \u00e0 domicile. Cinq jours apr\u00e8s avoir terrass\u00e9 leurs homologues &#8220;Indomptables&#8221;, les Lions de l\u2019Atlas abordent leur demi-finale face au Nigeria, ce mercredi au stade Prince Moulay Abdellah (21h), dans un climat serein, loin des critiques et du scepticisme qui ont escort\u00e9 leur d\u00e9but de tournoi.<\/p>\n<p>&#8220;Ce match a rassur\u00e9 tout le monde&#8221;, t\u00e9moigne Amine Oubaha, journaliste pour SNRTnews. &#8220;C\u2019\u00e9tait un match r\u00e9f\u00e9rence. Avant cette rencontre, on a vu une \u00e9quipe du Maroc rentrer difficilement dans la comp\u00e9tition. Le nul face au Mali (1-1) a sem\u00e9 le doute. Les Marocains se sont demand\u00e9 si leur \u00e9quipe avait la capacit\u00e9 d\u2019aller loin dans la comp\u00e9tition. Mais apr\u00e8s le 8e contre la Tanzanie (1-0), Walid Regragui a revu sa copie en corrigeant quelques erreurs. Les Marocains ont mis de l\u2019intensit\u00e9 en allant au duel face au Cameroun, qui reste une \u00e9quipe historique du football africain.&#8221;<\/p>\n<p>&#8220;Des airs de victoire fondatrice&#8221;<\/p>\n<p>&#8220;On attendait les Camerounais sur l\u2019impact physique. On s\u2019est dit que la cl\u00e9 serait le milieu de terrain&#8221;, appuie Nasredine Nasri, journaliste pour La Nouvelle Tribune et Canal +. &#8220;Finalement, le Maroc a bouff\u00e9 le milieu camerounais avec beaucoup d\u2019impact et de solidarit\u00e9, un pressing haut et une vista qu\u2019on avait perdue.&#8221;<\/p>\n<p>Une prestation solide et sans accroc qui a convaincu \u00e9galement les supporters du pays-h\u00f4te de cette CAN 2025, \u00e0 l\u2019image du streamer Wahibastos: &#8220;C\u2019\u00e9tait une grosse victoire, qui a des airs de victoire fondatrice, parce qu\u2019on gagne contre une grande \u00e9quipe du continent, qui avait fait un bon d\u00e9but de CAN. On a r\u00e9pondu \u00e0 pas mal d\u2019interrogations avec ce succ\u00e8s \u00e9crasant. Le Maroc a eu \u00e9norm\u00e9ment de possession, beaucoup d\u2019occasions. C\u2019est une victoire qui a lev\u00e9 de nombreux doutes. \u00c7a rend optimiste pour cette demi-finale contre le Nigeria. On sait maintenant que le Maroc est pr\u00eat \u00e0 faire de gros matchs contre des \u00e9curies importantes du continent. La performance contre le Cameroun a fait na\u00eetre de la confiance chez les Marocains.&#8221;<\/p>\n<p>&#8220;Je pense qu\u2019on va aller au bout&#8221;<\/p>\n<p>Un sentiment partag\u00e9 par Oualid, venu de France pour encourager les co\u00e9quipiers de Brahim Diaz dans leur qu\u00eate d\u2019un deuxi\u00e8me troph\u00e9e continental, cinquante ans apr\u00e8s celui d\u00e9croch\u00e9 en Ethiopie en 1976: &#8220;Franchement, \u00e7a m\u2019a rassur\u00e9, parce que le Maroc avait battu beaucoup de petites \u00e9quipes ces derniers temps, donc on attendait de savoir si on serait pr\u00e9sent contre les grandes nations. Apr\u00e8s ce match, je suis nettement plus serein. J\u2019ai appr\u00e9ci\u00e9 qu\u2019ils ne laissent pas du tout les Camerounais respirer. Ils les ont asphyxi\u00e9s durant toute la rencontre. \u00c7a m\u2019a tranquillis\u00e9, sachant que je suis assez pessimiste de base. L\u00e0, je pense qu\u2019on va aller au bout, m\u00eame si je me m\u00e9fie beaucoup de l\u2019Egypte au cas o\u00f9 on les retrouverait en finale, parce que c\u2019est la b\u00eate noire de l\u2019Afrique\u2026<\/p>\n<p>Interrog\u00e9 en conf\u00e9rence d\u2019avant-match, Walid Regragui a livr\u00e9 son sentiment sur ce changement de perception au sein de la population marocaine. &#8220;On pourrait croire qu\u2019on est mont\u00e9s en puissance, mais on commence \u00e0 avoir l\u2019exp\u00e9rience des grands tournois. On sait que lors du premier tour, il y a beaucoup d\u2019essais, des joueurs \u00e0 remettre en forme&#8221;, a nuanc\u00e9 le s\u00e9lectionneur national. &#8220;La prestation contre le Cameroun a rassur\u00e9 beaucoup de gens sur le plan athl\u00e9tique et de l\u2019envie, mais pour moi, les conditions d\u00e9pendent aussi de l\u2019adversaire. Quand on joue le Cameroun en quart de finale, le degr\u00e9 de motivation est au top. On est depuis deux ans l\u00e0-dessus, sur l\u2019adversit\u00e9. Quand on gagne un contre un adversaire qui est soi-disant moins bon que nous, les gens pensent qu\u2019on en garde un peu sous le pied, mais ce n\u2019est pas vrai. En tout cas, oui on est bien, physiquement et mentalement. On est en train de confirmer tout ce qu\u2019on fait depuis plusieurs ann\u00e9es. Maintenant, il faudra \u00eatre \u00e0 la hauteur face au Nigeria, dans un autre contexte et face \u00e0 une \u00e9quipe diff\u00e9rente de celle du Cameroun&#8221;.<\/p>\n<p>Alexandre Jaquin avec AT, \u00e0 Rabat<\/p>\n","protected":false},"excerpt":{"rendered":"Le Maroc va d\u00e9fier le Nigeria en demi-finale de la Coupe d\u2019Afrique des nations 2025, ce mercredi au&hellip;\n","protected":false},"author":2,"featured_media":22572,"comment_status":"","ping_status":"","sticky":false,"template":"","format":"standard","meta":{"footnotes":""},"categories":[41],"tags":[158],"class_list":{"0":"post-22571","1":"post","2":"type-post","3":"status-publish","4":"format-standard","5":"has-post-thumbnail","7":"category-maroc","8":"tag-maroc"},"share_on_mastodon":{"url":"","error":""},"_links":{"self":[{"href":"https:\/\/www.europesays.com\/africa\/wp-json\/wp\/v2\/posts\/22571","targetHints":{"allow":["GET"]}}],"collection":[{"href":"https:\/\/www.europesays.com\/africa\/wp-json\/wp\/v2\/posts"}],"about":[{"href":"https:\/\/www.europesays.com\/africa\/wp-json\/wp\/v2\/types\/post"}],"author":[{"embeddable":true,"href":"https:\/\/www.europesays.com\/africa\/wp-json\/wp\/v2\/users\/2"}],"replies":[{"embeddable":true,"href":"https:\/\/www.europesays.com\/africa\/wp-json\/wp\/v2\/comments?post=22571"}],"version-history":[{"count":0,"href":"https:\/\/www.europesays.com\/africa\/wp-json\/wp\/v2\/posts\/22571\/revisions"}],"wp:featuredmedia":[{"embeddable":true,"href":"https:\/\/www.europesays.com\/africa\/wp-json\/wp\/v2\/media\/22572"}],"wp:attachment":[{"href":"https:\/\/www.europesays.com\/africa\/wp-json\/wp\/v2\/media?parent=22571"}],"wp:term":[{"taxonomy":"category","embeddable":true,"href":"https:\/\/www.europesays.com\/africa\/wp-json\/wp\/v2\/categories?post=22571"},{"taxonomy":"post_tag","embeddable":true,"href":"https:\/\/www.europesays.com\/africa\/wp-json\/wp\/v2\/tags?post=22571"}],"curies":[{"name":"wp","href":"https:\/\/api.w.org\/{rel}","templated":true}]}}