{"id":2261,"date":"2026-01-04T07:51:19","date_gmt":"2026-01-04T07:51:19","guid":{"rendered":"https:\/\/www.europesays.com\/africa\/2261\/"},"modified":"2026-01-04T07:51:19","modified_gmt":"2026-01-04T07:51:19","slug":"senegal-soudan-3-1-le-pied-gauche-de-lancien-marseillais-pape-gueye-envoie-les-senegalais-en-quarts-de-la-can-2025","status":"publish","type":"post","link":"https:\/\/www.europesays.com\/africa\/2261\/","title":{"rendered":"S\u00e9n\u00e9gal-Soudan (3-1)\u00a0: le pied gauche de l\u2019ancien Marseillais Pape Gueye envoie les S\u00e9n\u00e9galais en quarts de la CAN 2025"},"content":{"rendered":"<p class=\"paragraph text_align_left lp-f-body-02\">Pape Gueye, ce h\u00e9ros. Ce samedi, en huiti\u00e8mes de finale de <a href=\"https:\/\/www.leparisien.fr\/sports\/football\/coupe-d-afrique-des-nations\/\" target=\"_blank\" rel=\"noreferrer nofollow noopener\">la Coupe d\u2019Afrique des nations<\/a> face au Soudan (3-1), le milieu de terrain s\u00e9n\u00e9galais a sorti son costume de gala. Double buteur avec deux frappes du pied gauche, la premi\u00e8re dans le petit filet droit, la seconde dans la lucarne gauche, l\u2019ancien Marseillais a offert la qualification <a href=\"https:\/\/www.leparisien.fr\/sports\/football\/senegal\/\" target=\"_blank\" rel=\"noreferrer nofollow noopener\">aux Lions de la Teranga<\/a>.<\/p>\n<p class=\"\">Grands favoris de ce match, les S\u00e9n\u00e9galais l\u2019ont pourtant particuli\u00e8rement mal commenc\u00e9. Ils ont m\u00eame conc\u00e9d\u00e9 le premier but <a href=\"https:\/\/www.leparisien.fr\/sports\/football\/coupe-d-afrique-des-nations\/can-2025-soudan-liste-joueur-a-suivre-calendrier-des-matchs-tout-savoir-sur-les-faucons-de-jediane-19-12-2025-ZMOQD2C2SFCYRECJVTLKPIOLMU.php\" target=\"_blank\" rel=\"noreferrer nofollow noopener\">du Soudan<\/a> dans la comp\u00e9tition, les Faucons de Jediane n\u2019ayant marqu\u00e9 que via un contre son camp durant la phase de groupes. C\u2019est l\u2019ailier Amar Abdallah, qui \u00e9volue dans le club australien de Green Gully, qui a \u00e9t\u00e9 le buteur apr\u00e8s une superbe frappe enroul\u00e9e du pied gauche (6e).<\/p>\n<p class=\"\">La diff\u00e9rence de niveau \u00e9tait malgr\u00e9 tout flagrante. Et le S\u00e9n\u00e9gal a rapidement profit\u00e9 de sa domination pour revenir dans le coup. C\u2019est donc Pape Gueye qui a r\u00e9tabli l\u2019\u00e9galit\u00e9 en reprenant un centre \u00e0 ras du sol <a href=\"https:\/\/www.leparisien.fr\/sports\/football\/coupe-d-afrique-des-nations\/can-2025-hakimi-mahrez-salah-aubameyang-mane-les-stars-a-suivre-pendant-la-competition-au-maroc-cette-annee-21-12-2025-XYOOLW7PKFCPZKDDBI7EZGP4HI.php\" target=\"_blank\" rel=\"noreferrer nofollow noopener\">de Sadio Man\u00e9<\/a> (29e). Dans les arr\u00eats de jeu de la premi\u00e8re mi-temps, le natif de Montreuil, pass\u00e9 par Le\u00a0Havre et Marseille et d\u00e9sormais \u00e0 Villarreal, a inscrit son doubl\u00e9 apr\u00e8s une passe de Nicolas Jackson.<\/p>\n<p>Ibrahim Mbaye met le coup de gr\u00e2ce<\/p>\n<p class=\"\">Apr\u00e8s la pause, les Lions de la Teranga n\u2019ont plus pris le moindre risque. Dominateurs balle au pied mais peu dangereux, ils ont fait d\u00e9filer les secondes en bloquant toutes les vell\u00e9it\u00e9s offensives du Soudan, certes r\u00e9duites et maigres. \u00c0 la 77e minute, <a href=\"https:\/\/www.leparisien.fr\/sports\/football\/coupe-d-afrique-des-nations\/on-sait-ce-quil-peut-nous-apporter-lentree-en-jeu-determinante-dibrahim-mbaye-avec-le-senegal-face-a-la-rd-congo-27-12-2025-23POKAAN45BGFKH7WTWIV3UOTU.php\" target=\"_blank\" rel=\"noreferrer nofollow noopener\">le Titi parisien Ibrahim Mbaye<\/a> a finalement mis le coup de gr\u00e2ce apr\u00e8s un bel appel en profondeur et une frappe tranchante.<\/p>\n<p class=\"\">Premier qualifi\u00e9 pour les quarts de finale, le S\u00e9n\u00e9gal attend son adversaire. Ce sera le Mali ou la Tunisie, qui s\u2019affrontent ce samedi soir. Le match aura lieu vendredi prochain, le 9\u00a0janvier, \u00e0 Tanger.<\/p>\n","protected":false},"excerpt":{"rendered":"Pape Gueye, ce h\u00e9ros. Ce samedi, en huiti\u00e8mes de finale de la Coupe d\u2019Afrique des nations face au&hellip;\n","protected":false},"author":2,"featured_media":2262,"comment_status":"","ping_status":"","sticky":false,"template":"","format":"standard","meta":{"footnotes":""},"categories":[48],"tags":[360,311,159,264],"class_list":{"0":"post-2261","1":"post","2":"type-post","3":"status-publish","4":"format-standard","5":"has-post-thumbnail","7":"category-senegal","8":"tag-can","9":"tag-football","10":"tag-senegal","11":"tag-sports"},"share_on_mastodon":{"url":"","error":""},"_links":{"self":[{"href":"https:\/\/www.europesays.com\/africa\/wp-json\/wp\/v2\/posts\/2261","targetHints":{"allow":["GET"]}}],"collection":[{"href":"https:\/\/www.europesays.com\/africa\/wp-json\/wp\/v2\/posts"}],"about":[{"href":"https:\/\/www.europesays.com\/africa\/wp-json\/wp\/v2\/types\/post"}],"author":[{"embeddable":true,"href":"https:\/\/www.europesays.com\/africa\/wp-json\/wp\/v2\/users\/2"}],"replies":[{"embeddable":true,"href":"https:\/\/www.europesays.com\/africa\/wp-json\/wp\/v2\/comments?post=2261"}],"version-history":[{"count":0,"href":"https:\/\/www.europesays.com\/africa\/wp-json\/wp\/v2\/posts\/2261\/revisions"}],"wp:featuredmedia":[{"embeddable":true,"href":"https:\/\/www.europesays.com\/africa\/wp-json\/wp\/v2\/media\/2262"}],"wp:attachment":[{"href":"https:\/\/www.europesays.com\/africa\/wp-json\/wp\/v2\/media?parent=2261"}],"wp:term":[{"taxonomy":"category","embeddable":true,"href":"https:\/\/www.europesays.com\/africa\/wp-json\/wp\/v2\/categories?post=2261"},{"taxonomy":"post_tag","embeddable":true,"href":"https:\/\/www.europesays.com\/africa\/wp-json\/wp\/v2\/tags?post=2261"}],"curies":[{"name":"wp","href":"https:\/\/api.w.org\/{rel}","templated":true}]}}