{"id":22652,"date":"2026-01-14T10:35:06","date_gmt":"2026-01-14T10:35:06","guid":{"rendered":"https:\/\/www.europesays.com\/africa\/22652\/"},"modified":"2026-01-14T10:35:06","modified_gmt":"2026-01-14T10:35:06","slug":"afrique-du-sud-la-presence-iranienne-lors-de-lexercice-naval-mosi-3-embarrasse-pretoria","status":"publish","type":"post","link":"https:\/\/www.europesays.com\/africa\/22652\/","title":{"rendered":"Afrique du Sud: la pr\u00e9sence iranienne lors de l&#8217;exercice naval Mosi-3 embarrasse Pretoria"},"content":{"rendered":"<p class=\"mb-4 text-lg md:leading-8 break-words\">Avec notre correspondant \u00e0\u00a0Johannesburg, Valentin Hugues<\/p>\n<p class=\"mb-4 text-lg md:leading-8 break-words\">Les navires iraniens sont bien arriv\u00e9s dans les eaux sud-africaines, mais resteront au port. Pour la premi\u00e8re fois, le pays membre des <a href=\"https:\/\/www.rfi.fr\/fr\/tag\/brics\/\" rel=\"nofollow noopener\" target=\"_blank\" data-ylk=\"slk:Brics+;elm:context_link;itc:0;sec:content-canvas\" class=\"link \">Brics+<\/a> devait participer aux exercices militaires en mer avec l\u2019<a href=\"https:\/\/www.rfi.fr\/fr\/tag\/afrique-du-sud\/\" rel=\"nofollow noopener\" target=\"_blank\" data-ylk=\"slk:Afrique du Sud,;elm:context_link;itc:0;sec:content-canvas\" class=\"link \">Afrique du Sud,<\/a> la <a href=\"https:\/\/www.rfi.fr\/fr\/tag\/russie\/\" rel=\"nofollow noopener\" target=\"_blank\" data-ylk=\"slk:Russie;elm:context_link;itc:0;sec:content-canvas\" class=\"link \">Russie<\/a> ou encore la <a href=\"https:\/\/www.rfi.fr\/fr\/tag\/chine\/\" rel=\"nofollow noopener\" target=\"_blank\" data-ylk=\"slk:Chine;elm:context_link;itc:0;sec:content-canvas\" class=\"link \">Chine<\/a>, dans l&#8217;optique de lutter contre la piraterie et prot\u00e9ger les routes commerciales. Finalement, l\u2019Iran se retire et ne sera qu\u2019observateur, annonce le m\u00e9dia news24, qui explique que la demande vient de Pretoria.<\/p>\n<p class=\"mb-4 text-lg md:leading-8 break-words\">Au m\u00eame moment, l\u2019<a href=\"https:\/\/fr.news.yahoo.com\/l-accord-agoa-exportations-africaines-035829355.html\" data-ylk=\"slk:avenir de l\u2019Agoa;elm:context_link;itc:0;sec:content-canvas;outcm:mb_qualified_link;_E:mb_qualified_link;ct:story;\" class=\"link  yahoo-link\" rel=\"nofollow noopener\" target=\"_blank\">avenir de l\u2019Agoa<\/a> se joue de l\u2019autre c\u00f4t\u00e9 de l\u2019Atlantique et l\u2019Afrique du Sud, <a href=\"https:\/\/fr.news.yahoo.com\/pleine-crise-diplomatique-leo-brent-033712609.html\" data-ylk=\"slk:en pleine guerre diplomatique avec Washington;elm:context_link;itc:0;sec:content-canvas;outcm:mb_qualified_link;_E:mb_qualified_link;ct:story;\" class=\"link  yahoo-link\" rel=\"nofollow noopener\" target=\"_blank\">en pleine guerre diplomatique avec Washington<\/a>, sait qu\u2019elle pourrait \u00eatre exclue de cet accord commercial am\u00e9ricain.<\/p>\n<p class=\"mb-4 text-lg md:leading-8 break-words\">\u00c0 lire aussi<a href=\"https:\/\/fr.news.yahoo.com\/mosi-3-l-exercice-naval-054022944.html\" class=\"link  yahoo-link\" data-ylk=\"slk:Mosi-3, l\u2019exercice naval multilat\u00e9ral sud-africain qui va irriter Washington;elm:context_link;itc:0;sec:content-canvas;outcm:mb_qualified_link;_E:mb_qualified_link;ct:story;\" rel=\"nofollow noopener\" target=\"_blank\">Mosi-3, l\u2019exercice naval multilat\u00e9ral sud-africain qui va irriter Washington<\/a><\/p>\n<p class=\"mb-4 text-lg md:leading-8 break-words\">Un exercice militaire avec l\u2019<a href=\"https:\/\/www.rfi.fr\/fr\/tag\/iran\/\" rel=\"nofollow noopener\" target=\"_blank\" data-ylk=\"slk:Iran;elm:context_link;itc:0;sec:content-canvas\" class=\"link \">Iran<\/a> n\u2019aurait rien arrang\u00e9. La R\u00e9publique islamique \u00e9tant accus\u00e9e de r\u00e9primer les manifestations dans le sang, <a href=\"https:\/\/fr.news.yahoo.com\/direct-iran-r%C3%A9pression-aurait-fait-062458312.html\" data-ylk=\"slk:Donald Trump a r\u00e9cemment agit\u00e9 la menace d\u2019une intervention militaire;elm:context_link;itc:0;sec:content-canvas;outcm:mb_qualified_link;_E:mb_qualified_link;ct:story;\" class=\"link  yahoo-link\" rel=\"nofollow noopener\" target=\"_blank\">Donald Trump a r\u00e9cemment agit\u00e9 la menace d\u2019une intervention militaire<\/a>.<\/p>\n<p class=\"mb-4 text-lg md:leading-8 break-words\">Ce n\u2019est pas la premi\u00e8re fois que cet exercice conjoint fait d\u00e9bat. Surtout \u00e0 cause de cette coop\u00e9ration militaire entre la Russie et l\u2019Afrique du Sud, alors que la nation arc-en-ciel maintient sa position de non-alignement. La semaine derni\u00e8re, une association ukrainienne a d&#8217;ailleurs d\u00e9nonc\u00e9, le \u00ab\u00a0cynisme d\u2019inviter Moscou pour un exercice militaire nomm\u00e9 \u201cVolont\u00e9 de paix&#8221; \u00bb.<\/p>\n<p class=\"mb-4 text-lg md:leading-8 break-words\">\u00c0 lire aussi<a href=\"https:\/\/fr.news.yahoo.com\/lafrique-sud-entend-renforcer-poids-111758104.html\" class=\"link  yahoo-link\" data-ylk=\"slk:L&#039;Afrique du Sud entend renforcer son poids diplomatique dans le dossier ukrainien;elm:context_link;itc:0;sec:content-canvas;outcm:mb_qualified_link;_E:mb_qualified_link;ct:story;\" rel=\"nofollow noopener\" target=\"_blank\">L&#8217;Afrique du Sud entend renforcer son poids diplomatique dans le dossier ukrainien<\/a><\/p>\n","protected":false},"excerpt":{"rendered":"Avec notre correspondant \u00e0\u00a0Johannesburg, Valentin Hugues Les navires iraniens sont bien arriv\u00e9s dans les eaux sud-africaines, mais resteront&hellip;\n","protected":false},"author":2,"featured_media":22653,"comment_status":"","ping_status":"","sticky":false,"template":"","format":"standard","meta":{"footnotes":""},"categories":[62],"tags":[64,13984],"class_list":{"0":"post-22652","1":"post","2":"type-post","3":"status-publish","4":"format-standard","5":"has-post-thumbnail","7":"category-afrique","8":"tag-afrique","9":"tag-ce-nest-pas-la-premiere"},"share_on_mastodon":{"url":"","error":""},"_links":{"self":[{"href":"https:\/\/www.europesays.com\/africa\/wp-json\/wp\/v2\/posts\/22652","targetHints":{"allow":["GET"]}}],"collection":[{"href":"https:\/\/www.europesays.com\/africa\/wp-json\/wp\/v2\/posts"}],"about":[{"href":"https:\/\/www.europesays.com\/africa\/wp-json\/wp\/v2\/types\/post"}],"author":[{"embeddable":true,"href":"https:\/\/www.europesays.com\/africa\/wp-json\/wp\/v2\/users\/2"}],"replies":[{"embeddable":true,"href":"https:\/\/www.europesays.com\/africa\/wp-json\/wp\/v2\/comments?post=22652"}],"version-history":[{"count":0,"href":"https:\/\/www.europesays.com\/africa\/wp-json\/wp\/v2\/posts\/22652\/revisions"}],"wp:featuredmedia":[{"embeddable":true,"href":"https:\/\/www.europesays.com\/africa\/wp-json\/wp\/v2\/media\/22653"}],"wp:attachment":[{"href":"https:\/\/www.europesays.com\/africa\/wp-json\/wp\/v2\/media?parent=22652"}],"wp:term":[{"taxonomy":"category","embeddable":true,"href":"https:\/\/www.europesays.com\/africa\/wp-json\/wp\/v2\/categories?post=22652"},{"taxonomy":"post_tag","embeddable":true,"href":"https:\/\/www.europesays.com\/africa\/wp-json\/wp\/v2\/tags?post=22652"}],"curies":[{"name":"wp","href":"https:\/\/api.w.org\/{rel}","templated":true}]}}