{"id":22656,"date":"2026-01-14T10:38:08","date_gmt":"2026-01-14T10:38:08","guid":{"rendered":"https:\/\/www.europesays.com\/africa\/22656\/"},"modified":"2026-01-14T10:38:08","modified_gmt":"2026-01-14T10:38:08","slug":"au-senegal-laffaire-des-vehicules-de-fonction-pour-les-deputes-fait-scandale","status":"publish","type":"post","link":"https:\/\/www.europesays.com\/africa\/22656\/","title":{"rendered":"Au S\u00e9n\u00e9gal, l\u2019affaire des v\u00e9hicules de fonction pour les d\u00e9put\u00e9s fait scandale"},"content":{"rendered":"<p>                     <img loading=\"lazy\" decoding=\"async\" src=\"https:\/\/www.europesays.com\/africa\/wp-content\/uploads\/2026\/01\/176f45f_upload-1-emc5ragwwyx0-000-437f2t3.jpg\" alt=\"Un v\u00e9hicule Land Cruiser Prado, de la marque Toyota, &#10;lors du 21e Salon de l\u2019automobile de Shanghai, en Chine, le 23\u00a0avril 2025.\"   width=\"664\" height=\"443\"\/>    Un v\u00e9hicule Land Cruiser Prado, de la marque Toyota,<br \/>\nlors du 21e Salon de l\u2019automobile de Shanghai, en Chine, le 23\u00a0avril 2025.  HECTOR RETAMAL \/ AFP                 <\/p>\n<p class=\"article__paragraph  \">Combien ont co\u00fbt\u00e9 les 4\u00a0x 4 japonais haut de gamme acquis pour les 165 d\u00e9put\u00e9s s\u00e9n\u00e9galais\u00a0? L\u2019achat controvers\u00e9 de v\u00e9hicules de fonction pour les \u00e9lus s\u2019est invit\u00e9, le 5\u00a0janvier, \u00e0 la pr\u00e9sentation des v\u0153ux du pr\u00e9sident de l\u2019Assembl\u00e9e nationale, \u00e0 Dakar. Cachant mal son agacement, Malick Ndiaye a tent\u00e9 de d\u00e9samorcer la pol\u00e9mique, qui tombe particuli\u00e8rement mal en p\u00e9riode de crise financi\u00e8re aigu\u00eb.<\/p>\n<p class=\"article__paragraph  \">Devant des d\u00e9put\u00e9s embarrass\u00e9s, il a assur\u00e9 que \u00ab\u00a0tout [le nom du concessionnaire, le montant et la proc\u00e9dure encadrant l\u2019acquisition] a \u00e9t\u00e9 document\u00e9. On peut m\u00eame faire un point de presse avec la commission des march\u00e9s pour \u00e9clairer la lanterne des S\u00e9n\u00e9galais\u00a0\u00bb. Un premier lot de 76 v\u00e9hicules (des Toyota Land Cruiser Prado) a \u00e9t\u00e9 livr\u00e9 d\u00e9but janvier \u00e0 des \u00e9lus de tous bords, a-t-il ajout\u00e9. Une semaine apr\u00e8s ces d\u00e9clarations, la pol\u00e9mique ne retombe pas et le point presse promis n\u2019a toujours pas \u00e9t\u00e9 organis\u00e9.<\/p>\n<p class=\"article__paragraph  \">Le 8\u00a0janvier, de nouvelles critiques ont \u00e9t\u00e9 lanc\u00e9es par La\u00a0R\u00e9publique des valeurs. Le parti d\u2019opposition du d\u00e9put\u00e9 Thierno Alassane Sall a renouvel\u00e9 son appel \u00e0 la \u00ab\u00a0transparence\u00a0\u00bb et \u00e0 mettre en place un \u00ab\u00a0audit sur ce march\u00e9 public\u00a0\u00bb, dans une affaire qui n\u2019en finit plus d\u2019empoisonner le mandat de M. Ndiaye, t\u00e9nor de la formation Patriotes africains du S\u00e9n\u00e9gal pour le travail, l\u2019\u00e9thique et la fraternit\u00e9 (Pastef).<\/p>\n<p class=\"reading-mode-only \">Il vous reste 69.26% de cet article \u00e0 lire. La suite est r\u00e9serv\u00e9e aux abonn\u00e9s.<\/p>\n","protected":false},"excerpt":{"rendered":"Un v\u00e9hicule Land Cruiser Prado, de la marque Toyota, lors du 21e Salon de l\u2019automobile de Shanghai, en&hellip;\n","protected":false},"author":2,"featured_media":22657,"comment_status":"","ping_status":"","sticky":false,"template":"","format":"standard","meta":{"footnotes":""},"categories":[48],"tags":[159],"class_list":{"0":"post-22656","1":"post","2":"type-post","3":"status-publish","4":"format-standard","5":"has-post-thumbnail","7":"category-senegal","8":"tag-senegal"},"share_on_mastodon":{"url":"","error":""},"_links":{"self":[{"href":"https:\/\/www.europesays.com\/africa\/wp-json\/wp\/v2\/posts\/22656","targetHints":{"allow":["GET"]}}],"collection":[{"href":"https:\/\/www.europesays.com\/africa\/wp-json\/wp\/v2\/posts"}],"about":[{"href":"https:\/\/www.europesays.com\/africa\/wp-json\/wp\/v2\/types\/post"}],"author":[{"embeddable":true,"href":"https:\/\/www.europesays.com\/africa\/wp-json\/wp\/v2\/users\/2"}],"replies":[{"embeddable":true,"href":"https:\/\/www.europesays.com\/africa\/wp-json\/wp\/v2\/comments?post=22656"}],"version-history":[{"count":0,"href":"https:\/\/www.europesays.com\/africa\/wp-json\/wp\/v2\/posts\/22656\/revisions"}],"wp:featuredmedia":[{"embeddable":true,"href":"https:\/\/www.europesays.com\/africa\/wp-json\/wp\/v2\/media\/22657"}],"wp:attachment":[{"href":"https:\/\/www.europesays.com\/africa\/wp-json\/wp\/v2\/media?parent=22656"}],"wp:term":[{"taxonomy":"category","embeddable":true,"href":"https:\/\/www.europesays.com\/africa\/wp-json\/wp\/v2\/categories?post=22656"},{"taxonomy":"post_tag","embeddable":true,"href":"https:\/\/www.europesays.com\/africa\/wp-json\/wp\/v2\/tags?post=22656"}],"curies":[{"name":"wp","href":"https:\/\/api.w.org\/{rel}","templated":true}]}}