{"id":22682,"date":"2026-01-14T10:52:10","date_gmt":"2026-01-14T10:52:10","guid":{"rendered":"https:\/\/www.europesays.com\/africa\/22682\/"},"modified":"2026-01-14T10:52:10","modified_gmt":"2026-01-14T10:52:10","slug":"pourquoi-plusieurs-joueurs-pourraient-manquer-la-finale-de-la-can-can-2025","status":"publish","type":"post","link":"https:\/\/www.europesays.com\/africa\/22682\/","title":{"rendered":"Pourquoi plusieurs joueurs pourraient manquer la finale de la CAN &#8211; CAN 2025"},"content":{"rendered":"<p>Attention, nouvelle r\u00e8gle ! Voil\u00e0 une subtilit\u00e9 dans le r\u00e8glement de la <a target=\"_blank\" href=\"https:\/\/www.sofoot.com\/articles\/can-2025-sadio-mane-senegal-et-mohamed-salah-egypte-le-match-dans-le-match-de-deux-figures-du-foot-africain\" rel=\"nofollow noopener\">CAN<\/a> importante \u00e0 mesurer : le compteur des cartons jaunes n\u2019est pas remis \u00e0 0 apr\u00e8s les quarts.\u00a0<\/p>\n<p>Ce n\u2019est pas le cas pour les autres grandes comp\u00e9titions, comme en Ligue des champions, \u00e0 l\u2019Euro ou \u00e0 la Coupe du monde, o\u00f9 les <a target=\"_blank\" href=\"https:\/\/www.sofoot.com\/breves\/liga-un-protagoniste-inattendu-au-sommet-des-cartons-jaunes\" rel=\"nofollow noopener\">cartons jaunes<\/a> n\u2019ayant pas entra\u00een\u00e9 de suspension sont automatiquement remis \u00e0 z\u00e9ro apr\u00e8s les quarts. La cons\u00e9quence est simple : un groupe de 20 joueurs se retrouvent sous la menace d\u2019une suspension pour la finale, dimanche.<\/p>\n<p>Kalidou Koulibaly concern\u00e9<\/p>\n<p>Au total, 4 Nig\u00e9rians, 3 Marocains, 6 \u00c9gyptiens et 7 S\u00e9n\u00e9galais devront se tenir \u00e0 carreau pour ne pas \u00e9coper d\u2019un deuxi\u00e8me avertissement lors des demi-finales ce mercredi. Parmi les Lions de la Teranga en danger, figure <a target=\"_blank\" href=\"https:\/\/www.sofoot.com\/breves\/can-2025-kalidou-koulibaly-connait-la-duree-de-sa-suspension-avec-le-senegal\" rel=\"nofollow noopener\">Kalidou Koulibaly<\/a>, qui a d\u00e9j\u00e0 connu cette m\u00e9saventure lors de l\u2019\u00e9dition 2019 : il s\u2019\u00e9tait retrouv\u00e9 priv\u00e9 de finale entre le S\u00e9n\u00e9gal et l\u2019Alg\u00e9rie (0-1).<\/p>\n<p>\u00c7a serait dommage de rater la finale d\u2019\u00ab\u202fune des meilleures CAN de l\u2019histoire\u202f\u00bb,\u00a0<a target=\"_blank\" href=\"https:\/\/www.sofoot.com\/breves\/la-plus-grande-can-de-lhistoire-selon-kalidou-koulibaly\" rel=\"nofollow noopener\">selon lui.<\/a><\/p>\n<p>La liste des 20 joueurs menac\u00e9s<\/p>\n<p>Nigeria : Nwabali, Simon, Onyeka, Bassey.<br \/>\nMaroc : El-Khannouss, Rahimi, Saibari.<br \/>\nS\u00e9n\u00e9gal : Jakobs, Jackson, P. Gueye, H. Diarra, Koulibaly, H. Diallo, I. Mbaye.<br \/>\n\u00c9gypte : M. El-Shenawy, Rabia, Attia, H. Fathi, Fatouh, Abdelmaguid.<\/p>\n<p>\t\t\t\t\t\t\t\t\t\t<a class=\"lien-connexe\" href=\"https:\/\/www.sofoot.com\/breves\/decouvrez-le-tableau-complet-des-huitiemes-de-finale-de-la-can-2023\" rel=\"nofollow noopener\" target=\"_blank\">D\u00e9couvrez le tableau complet des huiti\u00e8mes de finale de la CAN 2023<\/a>\t\t\t\t\t<\/p>\n","protected":false},"excerpt":{"rendered":"Attention, nouvelle r\u00e8gle ! Voil\u00e0 une subtilit\u00e9 dans le r\u00e8glement de la CAN importante \u00e0 mesurer : le&hellip;\n","protected":false},"author":2,"featured_media":22683,"comment_status":"","ping_status":"","sticky":false,"template":"","format":"standard","meta":{"footnotes":""},"categories":[48],"tags":[1213,1211,1219,1215,1214,311,1218,1216,1212,1080,159,1217],"class_list":{"0":"post-22682","1":"post","2":"type-post","3":"status-publish","4":"format-standard","5":"has-post-thumbnail","7":"category-senegal","8":"tag-actualite","9":"tag-actus-football","10":"tag-bundesliga","11":"tag-championnats-europeens","12":"tag-equipe-de-france","13":"tag-football","14":"tag-ligua","15":"tag-ligue-1","16":"tag-news-foot","17":"tag-premier-league","18":"tag-senegal","19":"tag-serie-a"},"share_on_mastodon":{"url":"","error":""},"_links":{"self":[{"href":"https:\/\/www.europesays.com\/africa\/wp-json\/wp\/v2\/posts\/22682","targetHints":{"allow":["GET"]}}],"collection":[{"href":"https:\/\/www.europesays.com\/africa\/wp-json\/wp\/v2\/posts"}],"about":[{"href":"https:\/\/www.europesays.com\/africa\/wp-json\/wp\/v2\/types\/post"}],"author":[{"embeddable":true,"href":"https:\/\/www.europesays.com\/africa\/wp-json\/wp\/v2\/users\/2"}],"replies":[{"embeddable":true,"href":"https:\/\/www.europesays.com\/africa\/wp-json\/wp\/v2\/comments?post=22682"}],"version-history":[{"count":0,"href":"https:\/\/www.europesays.com\/africa\/wp-json\/wp\/v2\/posts\/22682\/revisions"}],"wp:featuredmedia":[{"embeddable":true,"href":"https:\/\/www.europesays.com\/africa\/wp-json\/wp\/v2\/media\/22683"}],"wp:attachment":[{"href":"https:\/\/www.europesays.com\/africa\/wp-json\/wp\/v2\/media?parent=22682"}],"wp:term":[{"taxonomy":"category","embeddable":true,"href":"https:\/\/www.europesays.com\/africa\/wp-json\/wp\/v2\/categories?post=22682"},{"taxonomy":"post_tag","embeddable":true,"href":"https:\/\/www.europesays.com\/africa\/wp-json\/wp\/v2\/tags?post=22682"}],"curies":[{"name":"wp","href":"https:\/\/api.w.org\/{rel}","templated":true}]}}