{"id":22705,"date":"2026-01-14T11:07:10","date_gmt":"2026-01-14T11:07:10","guid":{"rendered":"https:\/\/www.europesays.com\/africa\/22705\/"},"modified":"2026-01-14T11:07:10","modified_gmt":"2026-01-14T11:07:10","slug":"sicap-mbao-la-police-demantele-un-reseau-de-prostitution-clandestine","status":"publish","type":"post","link":"https:\/\/www.europesays.com\/africa\/22705\/","title":{"rendered":"Sicap Mbao : la police d\u00e9mant\u00e8le un r\u00e9seau de prostitution clandestine"},"content":{"rendered":"<p>\u00c0 la suite d\u2019un renseignement op\u00e9rationnel, le Poste de police de Diamagu\u00e8ne Sicap Mbao a men\u00e9, lundi 12 janvier 2026, une descente cibl\u00e9e dans une chambre de location du quartier. L\u2019op\u00e9ration a permis de mettre fin \u00e0 des activit\u00e9s de prostitution clandestine et de prox\u00e9n\u00e9tisme, avec l\u2019interpellation de trois personnes.<\/p>\n<p>Le Poste de police de Diamagu\u00e8ne Sicap Mbao a proc\u00e9d\u00e9 au d\u00e9mant\u00e8lement d\u2019un r\u00e9seau de prostitution clandestine, de prox\u00e9n\u00e9tisme et d\u2019incitation \u00e0 la d\u00e9bauche op\u00e9rant dans le quartier de Sicap Mbao. L\u2019op\u00e9ration a abouti \u00e0 l\u2019arrestation des principaux mis en cause : deux femmes et un jeune homme. Leur interpellation fait suite \u00e0 l\u2019exploitation d\u2019un renseignement faisant \u00e9tat d\u2019activit\u00e9s suspectes men\u00e9es par une jeune femme et ses complices, qui recevaient des clients de jour comme de nuit dans une chambre de location, transformant les lieux en espace de d\u00e9bauche.<\/p>\n<p>Afin de v\u00e9rifier ces informations, les forces de l\u2019ordre ont effectu\u00e9 une descente inopin\u00e9e, le lundi 12 janvier 2026, dans la chambre concern\u00e9e, situ\u00e9e \u00e0 Sicap Mbao, \u00e0 proximit\u00e9 de l\u2019OCB. Sur place, les enqu\u00eateurs ont surpris deux jeunes femmes d\u00e9v\u00eatues en compagnie d\u2019un client. Une fouille des lieux a permis la saisie de plusieurs paquets de pr\u00e9servatifs, des lubrifiants, de la cr\u00e8me de karit\u00e9, un paquet de cigarettes ainsi que quatre briquets.<\/p>\n<p>Interrog\u00e9es sommairement, les suspectes ont reconnu se livrer \u00e0 la prostitution clandestine. Elles ont \u00e9t\u00e9 conduites dans les locaux du service, tout comme leur client, pour les besoins de l\u2019enqu\u00eate. Les mis en cause devront r\u00e9pondre des chefs de prostitution clandestine, prox\u00e9n\u00e9tisme et incitation \u00e0 la d\u00e9bauche.<\/p>\n","protected":false},"excerpt":{"rendered":"\u00c0 la suite d\u2019un renseignement op\u00e9rationnel, le Poste de police de Diamagu\u00e8ne Sicap Mbao a men\u00e9, lundi 12&hellip;\n","protected":false},"author":2,"featured_media":8794,"comment_status":"","ping_status":"","sticky":false,"template":"","format":"standard","meta":{"footnotes":""},"categories":[48],"tags":[159],"class_list":{"0":"post-22705","1":"post","2":"type-post","3":"status-publish","4":"format-standard","5":"has-post-thumbnail","7":"category-senegal","8":"tag-senegal"},"share_on_mastodon":{"url":"","error":""},"_links":{"self":[{"href":"https:\/\/www.europesays.com\/africa\/wp-json\/wp\/v2\/posts\/22705","targetHints":{"allow":["GET"]}}],"collection":[{"href":"https:\/\/www.europesays.com\/africa\/wp-json\/wp\/v2\/posts"}],"about":[{"href":"https:\/\/www.europesays.com\/africa\/wp-json\/wp\/v2\/types\/post"}],"author":[{"embeddable":true,"href":"https:\/\/www.europesays.com\/africa\/wp-json\/wp\/v2\/users\/2"}],"replies":[{"embeddable":true,"href":"https:\/\/www.europesays.com\/africa\/wp-json\/wp\/v2\/comments?post=22705"}],"version-history":[{"count":0,"href":"https:\/\/www.europesays.com\/africa\/wp-json\/wp\/v2\/posts\/22705\/revisions"}],"wp:featuredmedia":[{"embeddable":true,"href":"https:\/\/www.europesays.com\/africa\/wp-json\/wp\/v2\/media\/8794"}],"wp:attachment":[{"href":"https:\/\/www.europesays.com\/africa\/wp-json\/wp\/v2\/media?parent=22705"}],"wp:term":[{"taxonomy":"category","embeddable":true,"href":"https:\/\/www.europesays.com\/africa\/wp-json\/wp\/v2\/categories?post=22705"},{"taxonomy":"post_tag","embeddable":true,"href":"https:\/\/www.europesays.com\/africa\/wp-json\/wp\/v2\/tags?post=22705"}],"curies":[{"name":"wp","href":"https:\/\/api.w.org\/{rel}","templated":true}]}}