{"id":22752,"date":"2026-01-14T11:37:07","date_gmt":"2026-01-14T11:37:07","guid":{"rendered":"https:\/\/www.europesays.com\/africa\/22752\/"},"modified":"2026-01-14T11:37:07","modified_gmt":"2026-01-14T11:37:07","slug":"karim-benzema-parle-de-nouveau-de-ses-origines-algeriennes","status":"publish","type":"post","link":"https:\/\/www.europesays.com\/africa\/22752\/","title":{"rendered":"Karim Benzema parle de nouveau de ses origines alg\u00e9riennes"},"content":{"rendered":"<p style=\"font-weight: 400;\">Le joueur de foot\u00a0<a href=\"https:\/\/www.visa-algerie.com\/lyna-khoudri-je-me-sens-vraiment-chez-moi-en-algerie\/\" data-saferedirecturl=\"https:\/\/www.google.com\/url?q=https:\/\/www.visa-algerie.com\/lyna-khoudri-je-me-sens-vraiment-chez-moi-en-algerie\/&amp;source=gmail&amp;ust=1768473759233000&amp;usg=AOvVaw1RY0aWLjgd9bPac8dapkMf\" rel=\"nofollow noopener\" target=\"_blank\">franco-alg\u00e9rien<\/a>\u00a0Karim Benzema a de nouveau \u00e9voqu\u00e9 sa binationalit\u00e9 et ses origines alg\u00e9riennes, et ce, dans un contexte politique marqu\u00e9 par son soutien \u00e0 Jean-Michel Aulas dans la course \u00e0 la mairie de Lyon.<\/p>\n<p style=\"font-weight: 400;\">En pr\u00e9vision des \u00e9lections municipales 2026, le Ballon d\u2019or 2022 apporte en effet tout son soutien \u00e0 Jean-Michel Aulas, ancien pr\u00e9sident de l\u2019Olympique lyonnais et candidat \u00e0 la mairie de Lyon.<\/p>\n<p style=\"font-weight: 400;\">Karim Benzema a fait ses d\u00e9buts \u00e0 Lyon, \u00e0 huit ans, o\u00f9 il a fait toutes ses classes avant de rejoindre le Real Madrid en 2009. M\u00eame apr\u00e8s son d\u00e9part, il a gard\u00e9 de bonnes relations avec l\u2019ancien pr\u00e9sident de ce club et ne manque aucune occasion de lui exprimer sa reconnaissance.<\/p>\n<p>\u00ab\u00a0J\u2019ai aussi mes origines et ma famille en Alg\u00e9rie (mon p\u00e8re \u00e9tant n\u00e9 en Alg\u00e9rie)\u00a0\u00bb<\/p>\n<p style=\"font-weight: 400;\">Ce mardi 13 janvier, l\u2019attaquant d\u2019Al-Ittihad (Arabie saoudite) a \u00e9t\u00e9 invit\u00e9 \u00e0 livrer son t\u00e9moignage lors d\u2019une \u00e9mission de LCI consacr\u00e9e au candidat aux municipales pr\u00e9vues les 15 et 22 mars prochain, Jean-Michel Aulas.<\/p>\n<p style=\"font-weight: 400;\">Lors de son intervention, le Franco-Alg\u00e9rien a \u00e9t\u00e9 invit\u00e9 \u00e0 s\u2019exprimer sur les critiques dont il fait l\u2019objet en raison notamment de ses origines alg\u00e9riennes. \u00ab\u00a0On vous a beaucoup cherch\u00e9 sur votre identit\u00e9\u00a0: vous \u00eates lyonnais, fran\u00e7ais et d\u2019origine alg\u00e9rienne. Qu\u2019est-ce que vous mettrez dans l\u2019ordre\u00a0?\u00a0\u00bb, lui a demand\u00e9 l\u2019animateur.<\/p>\n<p style=\"font-weight: 400;\">En r\u00e9ponse, Benzema assure que ce n\u2019est pas une question d\u2019ordre\u00a0: \u00ab\u00a0Je suis un peu de tout \u00e7a. J\u2019ai \u00e9t\u00e9 \u00e9lev\u00e9, fait ma scolarit\u00e9 et jou\u00e9 en France. J\u2019ai aussi mes origines et ma famille en Alg\u00e9rie (mon p\u00e8re \u00e9tant n\u00e9 en Alg\u00e9rie). Je suis tout cela et \u00e7a va continuer ainsi\u00a0\u00bb.<\/p>\n<p style=\"font-weight: 400;\">Pour tous ceux qui lui rappellent constamment son origine alg\u00e9rienne, l\u2019accusant de n\u2019avoir pas le c\u0153ur 100 % fran\u00e7ais, Benzema affirme \u00ab\u00a0qu\u2019il y aura\u00a0toujours ces b\u00eatises. Mais l\u2019essentiel, c\u2019est d\u2019avoir un bon c\u0153ur et d\u2019\u00e9prouver du respect envers tout le monde\u00a0\u00bb.<\/p>\n<p>\u00ab\u00a0Les mauvaises langues ne changeront jamais. \u00c7a m\u2019a forg\u00e9 mon caract\u00e8re\u00a0\u00bb<\/p>\n<p style=\"font-weight: 400;\">L\u2019ancien attaquant du Real Madrid a \u00e9galement r\u00e9pondu aux critiques dont il a \u00e9t\u00e9 la cible, notamment sur le fait qu\u2019il ne chantait pas la Marseillaise ou encore sur certains propos sur son amour pour l\u2019Alg\u00e9rie, son deuxi\u00e8me pays.<\/p>\n<p style=\"font-weight: 400;\">Rappelons ici qu\u2019en raison de ses\u00a0<a href=\"https:\/\/www.visa-algerie.com\/medecins-algeriens-recrutes-en-france-un-professeur-denonce-un-pillage\/\" target=\"_blank\" rel=\"noopener nofollow\" data-saferedirecturl=\"https:\/\/www.google.com\/url?q=https:\/\/www.visa-algerie.com\/medecins-algeriens-recrutes-en-france-un-professeur-denonce-un-pillage\/&amp;source=gmail&amp;ust=1768473759233000&amp;usg=AOvVaw3h06whB2WEYTY8r-cUeG9n\">origines alg\u00e9riennes<\/a>, G\u00e9rarld Darmanin avait d\u00e9j\u00e0 affirm\u00e9 que \u00ab\u00a0Karim Benzema est en lien, on le sait tous, notoire, avec les Fr\u00e8res musulmans\u00a0\u00bb. La question \u00e9tait de savoir si tous ces propos ont des r\u00e9percussions sur lui.<\/p>\n<p style=\"font-weight: 400;\">\u00c0 ce propos, le footballeur franco-alg\u00e9rien de 38 ans a r\u00e9pondu\u00a0: \u00ab\u00a0Bien s\u00fbr que \u00e7a blesse. On a la maman, on a le papa, on a la famille, les enfants. C\u2019est un terrain tr\u00e8s compliqu\u00e9, mais mes proches et les personnes que je connais me connaissent tr\u00e8s bien\u00a0\u00bb.<\/p>\n<p style=\"font-weight: 400;\">Toutefois, il affirme que sa ligne de conduite est la m\u00eame. \u00ab\u00a0J\u2019ai tout le temps \u00e9t\u00e9 respectueux envers tout le monde et \u00e7a va continuer. Les mauvaises langues ne changeront jamais. \u00c7a m\u2019a forg\u00e9 mon caract\u00e8re depuis mon enfance. Il faut continuer comme \u00e7a et se battre, ne rien l\u00e2cher\u00a0\u00bb.<\/p>\n","protected":false},"excerpt":{"rendered":"Le joueur de foot\u00a0franco-alg\u00e9rien\u00a0Karim Benzema a de nouveau \u00e9voqu\u00e9 sa binationalit\u00e9 et ses origines alg\u00e9riennes, et ce, dans&hellip;\n","protected":false},"author":2,"featured_media":22753,"comment_status":"","ping_status":"","sticky":false,"template":"","format":"standard","meta":{"footnotes":""},"categories":[254],"tags":[255,14066],"class_list":{"0":"post-22752","1":"post","2":"type-post","3":"status-publish","4":"format-standard","5":"has-post-thumbnail","7":"category-algerie","8":"tag-algerie","9":"tag-karima-benzema-origine"},"share_on_mastodon":{"url":"","error":""},"_links":{"self":[{"href":"https:\/\/www.europesays.com\/africa\/wp-json\/wp\/v2\/posts\/22752","targetHints":{"allow":["GET"]}}],"collection":[{"href":"https:\/\/www.europesays.com\/africa\/wp-json\/wp\/v2\/posts"}],"about":[{"href":"https:\/\/www.europesays.com\/africa\/wp-json\/wp\/v2\/types\/post"}],"author":[{"embeddable":true,"href":"https:\/\/www.europesays.com\/africa\/wp-json\/wp\/v2\/users\/2"}],"replies":[{"embeddable":true,"href":"https:\/\/www.europesays.com\/africa\/wp-json\/wp\/v2\/comments?post=22752"}],"version-history":[{"count":0,"href":"https:\/\/www.europesays.com\/africa\/wp-json\/wp\/v2\/posts\/22752\/revisions"}],"wp:featuredmedia":[{"embeddable":true,"href":"https:\/\/www.europesays.com\/africa\/wp-json\/wp\/v2\/media\/22753"}],"wp:attachment":[{"href":"https:\/\/www.europesays.com\/africa\/wp-json\/wp\/v2\/media?parent=22752"}],"wp:term":[{"taxonomy":"category","embeddable":true,"href":"https:\/\/www.europesays.com\/africa\/wp-json\/wp\/v2\/categories?post=22752"},{"taxonomy":"post_tag","embeddable":true,"href":"https:\/\/www.europesays.com\/africa\/wp-json\/wp\/v2\/tags?post=22752"}],"curies":[{"name":"wp","href":"https:\/\/api.w.org\/{rel}","templated":true}]}}