{"id":22754,"date":"2026-01-14T11:38:06","date_gmt":"2026-01-14T11:38:06","guid":{"rendered":"https:\/\/www.europesays.com\/africa\/22754\/"},"modified":"2026-01-14T11:38:06","modified_gmt":"2026-01-14T11:38:06","slug":"de-nouvelles-revelations-sur-larrestation-du-principal-suspect-video","status":"publish","type":"post","link":"https:\/\/www.europesays.com\/africa\/22754\/","title":{"rendered":"De nouvelles r\u00e9v\u00e9lations sur l\u2019arrestation du principal suspect (vid\u00e9o)"},"content":{"rendered":"<p class=\"firstp\">Le meurtre de Ramatoulaye Bald\u00e9 continue de provoquer une vive \u00e9motion au sein de l\u2019opinion publique. Une vid\u00e9o largement relay\u00e9e sur les r\u00e9seaux sociaux apporte aujourd\u2019hui de nouveaux \u00e9l\u00e9ments sur cette affaire qui a boulevers\u00e9 le quartier et au-del\u00e0.<\/p>\n<p>Dans ces images, des proches de la victime livrent leurs t\u00e9moignages et r\u00e9v\u00e8lent que le premier suspect aurait \u00e9t\u00e9 intercept\u00e9 par un conducteur de moto-taxi, commun\u00e9ment appel\u00e9 <a href=\"https:\/\/www.senenews.com\/premium\/il-ma-poignarde-diam-nama-ramatoulaye-balde-les-details-choquants-dun-assassinat-en-plein-jour_572539.html\" rel=\"nofollow noopener\" target=\"_blank\">jakartaman<\/a>, alors qu\u2019il tentait de prendre la fuite. Ce serait ensuite gr\u00e2ce \u00e0 cette intervention que les forces de l\u2019ordre ont pu proc\u00e9der \u00e0 son arrestation.<\/p>\n","protected":false},"excerpt":{"rendered":"Le meurtre de Ramatoulaye Bald\u00e9 continue de provoquer une vive \u00e9motion au sein de l\u2019opinion publique. Une vid\u00e9o&hellip;\n","protected":false},"author":2,"featured_media":22755,"comment_status":"","ping_status":"","sticky":false,"template":"","format":"standard","meta":{"footnotes":""},"categories":[48],"tags":[13175,159,163,4189,239],"class_list":{"0":"post-22754","1":"post","2":"type-post","3":"status-publish","4":"format-standard","5":"has-post-thumbnail","7":"category-senegal","8":"tag-ramatoulaye-balde","9":"tag-senegal","10":"tag-senegal-actualites","11":"tag-senenews-tv","12":"tag-societe"},"share_on_mastodon":{"url":"","error":""},"_links":{"self":[{"href":"https:\/\/www.europesays.com\/africa\/wp-json\/wp\/v2\/posts\/22754","targetHints":{"allow":["GET"]}}],"collection":[{"href":"https:\/\/www.europesays.com\/africa\/wp-json\/wp\/v2\/posts"}],"about":[{"href":"https:\/\/www.europesays.com\/africa\/wp-json\/wp\/v2\/types\/post"}],"author":[{"embeddable":true,"href":"https:\/\/www.europesays.com\/africa\/wp-json\/wp\/v2\/users\/2"}],"replies":[{"embeddable":true,"href":"https:\/\/www.europesays.com\/africa\/wp-json\/wp\/v2\/comments?post=22754"}],"version-history":[{"count":0,"href":"https:\/\/www.europesays.com\/africa\/wp-json\/wp\/v2\/posts\/22754\/revisions"}],"wp:featuredmedia":[{"embeddable":true,"href":"https:\/\/www.europesays.com\/africa\/wp-json\/wp\/v2\/media\/22755"}],"wp:attachment":[{"href":"https:\/\/www.europesays.com\/africa\/wp-json\/wp\/v2\/media?parent=22754"}],"wp:term":[{"taxonomy":"category","embeddable":true,"href":"https:\/\/www.europesays.com\/africa\/wp-json\/wp\/v2\/categories?post=22754"},{"taxonomy":"post_tag","embeddable":true,"href":"https:\/\/www.europesays.com\/africa\/wp-json\/wp\/v2\/tags?post=22754"}],"curies":[{"name":"wp","href":"https:\/\/api.w.org\/{rel}","templated":true}]}}