{"id":22776,"date":"2026-01-14T11:51:10","date_gmt":"2026-01-14T11:51:10","guid":{"rendered":"https:\/\/www.europesays.com\/africa\/22776\/"},"modified":"2026-01-14T11:51:10","modified_gmt":"2026-01-14T11:51:10","slug":"lalgerie-demande-a-ses-ressortissants-en-situation-irreguliere-a-letranger-de-rentrer-au-pays-sauf-les-criminels-et-les-trafiquants-de-drogue","status":"publish","type":"post","link":"https:\/\/www.europesays.com\/africa\/22776\/","title":{"rendered":"L&#8217;Alg\u00e9rie demande \u00e0 ses ressortissants en situation \u00ab irr\u00e9guli\u00e8re \u00bb \u00e0 l&#8217;\u00e9tranger de rentrer au pays, sauf les criminels et les trafiquants de drogue"},"content":{"rendered":"<p>Le pr\u00e9sident alg\u00e9rien a appel\u00e9 ses ressortissants \u201cen situation irr\u00e9guli\u00e8re et de pr\u00e9carit\u00e9\u201d \u00e0 revenir en Alg\u00e9rie. Une mesure humanitaire et politique.<\/p>\n<p>Le Conseil des ministres alg\u00e9rien s\u2019est r\u00e9uni ce dimanche 11 janvier. Lors de ce rassemblement, le pr\u00e9sident de l\u2019Alg\u00e9rie, Abdelmadjid Tebboune, a annonc\u00e9 la mise en place d\u2019un d\u00e9cret sur la r\u00e9gularisation des ressortissants alg\u00e9riens vivant \u00e0 l\u2019\u00e9tranger.<\/p>\n<p><img decoding=\"async\" loading=\"lazy\" fetchpriority=\"low\" src=\"https:\/\/www.europesays.com\/africa\/wp-content\/uploads\/2026\/01\/iStock-1347302339.jpg\" width=\"660\" height=\"429\" alt=\"Le drapeau alg\u00e9rien\" caption=\"false\"\/>Cr\u00e9dit photo : iStock<\/p>\n<p data-pm-slice=\"1 1 []\">Cette mesure concerne les ressortissants \u201cen situation irr\u00e9guli\u00e8re et de pr\u00e9carit\u00e9\u201d. Il s\u2019agit des personnes qui ont quitt\u00e9 l\u2019Alg\u00e9rie ill\u00e9galement pour s\u2019installer dans un autre pays sans documents officiels. Ces personnes sont appel\u00e9es \u00e0 revenir en Alg\u00e9rie ou \u00e0 se rapprocher des consulats alg\u00e9riens pour r\u00e9gulariser leur situation.<\/p>\n<p>Un appel aux ressortissants alg\u00e9riens<\/p>\n<p data-pm-slice=\"1 1 []\">Des dizaines de milliers d\u2019Alg\u00e9riens pourraient \u00eatre concern\u00e9s par cette d\u00e9cision. Entre 2020 et 2024, pr\u00e8s de 54 000 Alg\u00e9riens ont immigr\u00e9 en Europe. Ces derniers ont notamment fui leur pays via l\u2019immigration clandestine.<\/p>\n<p>&#13;<\/p>\n<p>\u201cLe pr\u00e9sident de la R\u00e9publique a lanc\u00e9 un appel aux jeunes Alg\u00e9riens se trouvant \u00e0 l\u2019\u00e9tranger en situation de pr\u00e9carit\u00e9 et irr\u00e9guli\u00e8re, ayant \u00e9t\u00e9 d\u00e9lib\u00e9r\u00e9ment induits en erreur par des individus qui se croyaient capables de nuire \u00e0 la cr\u00e9dibilit\u00e9 de l\u2019\u00c9tat en les instrumentalisant \u00e0 l\u2019\u00e9tranger contre leur pays. La plupart de ces jeunes n\u2019ont commis que des infractions l\u00e9g\u00e8res, comme des faits li\u00e9s \u00e0 l\u2019ordre public ou d\u2019autres motifs similaires. Ils se trouvent aujourd\u2019hui loin de leur patrie, de leurs proches et de leurs amis, ils souffrent de pauvret\u00e9 extr\u00eame et de mis\u00e8re et sont r\u00e9duits \u00e0 ex\u00e9cuter des t\u00e2ches humiliantes, tandis que certains sont instrumentalis\u00e9s contre leur pays\u201d, a indiqu\u00e9 la pr\u00e9sidence alg\u00e9rienne dans un communiqu\u00e9 rapport\u00e9 par <a href=\"%20https:\/\/www.bfmtv.com\/international\/afrique\/algerie\/le-president-algerien-appelle-ses-ressortissants-en-situation-irreguliere-et-de-precarite-a-l-etranger-a-revenir-en-algerie_AN-202601121014.html\" target=\"_blank\" rel=\"noopener\">BFMTV<\/a>.<\/p>\n<p>&#13;<\/p>\n<p><img decoding=\"async\" loading=\"lazy\" fetchpriority=\"low\" src=\"https:\/\/www.europesays.com\/africa\/wp-content\/uploads\/2026\/01\/RUQSAMCO4ZCL7KNDYSTW4OKZJY.jpg\" width=\"660\" height=\"412\" alt=\"Le pr\u00e9sident alg\u00e9rien\" caption=\"false\"\/>Cr\u00e9dit photo : AFP<br \/>\nR\u00e9gulariser sa situation<\/p>\n<p>Cette d\u00e9cision exclut les \u201cauteurs de crime de sang, de trafic de drogues, de trafic d\u2019armes, ainsi que toute personne ayant collabor\u00e9 avec des services de s\u00e9curit\u00e9 \u00e9trangers dans le but de porter atteinte \u00e0 leur patrie\u201d, comme le rapporte le m\u00e9dia <a href=\"%20https:\/\/www.jeuneafrique.com\/1755660\/politique\/lalgerie-propose-a-ses-ressortissants-vivant-sans-papiers-a-letranger-de-regulariser-leurs-situations\/\" target=\"_blank\" rel=\"noopener\">Jeune Afrique<\/a>.<\/p>\n<p>\u00c0 travers cet appel, le pr\u00e9sident alg\u00e9rien souhaite faciliter la r\u00e9gularisation de ces personnes en leur permettant d\u2019obtenir des documents officiels via les consulats alg\u00e9riens. Il s\u2019agit \u00e9galement d\u2019une invitation \u00e0 rentrer en Alg\u00e9rie si elles le souhaitent. Le pr\u00e9sident alg\u00e9rien affirme vouloir aider les personnes vuln\u00e9rables \u00e0 sortir de la pr\u00e9carit\u00e9.<\/p>\n<p>Ces proc\u00e9dures se feront dans les consulats alg\u00e9riens, o\u00f9 les ressortissants pourront recevoir de nouveaux passeports et papiers officiels pour r\u00e9gulariser leur situation.<\/p>\n","protected":false},"excerpt":{"rendered":"Le pr\u00e9sident alg\u00e9rien a appel\u00e9 ses ressortissants \u201cen situation irr\u00e9guli\u00e8re et de pr\u00e9carit\u00e9\u201d \u00e0 revenir en Alg\u00e9rie. Une&hellip;\n","protected":false},"author":2,"featured_media":22777,"comment_status":"","ping_status":"","sticky":false,"template":"","format":"standard","meta":{"footnotes":""},"categories":[254],"tags":[255],"class_list":{"0":"post-22776","1":"post","2":"type-post","3":"status-publish","4":"format-standard","5":"has-post-thumbnail","7":"category-algerie","8":"tag-algerie"},"share_on_mastodon":{"url":"","error":""},"_links":{"self":[{"href":"https:\/\/www.europesays.com\/africa\/wp-json\/wp\/v2\/posts\/22776","targetHints":{"allow":["GET"]}}],"collection":[{"href":"https:\/\/www.europesays.com\/africa\/wp-json\/wp\/v2\/posts"}],"about":[{"href":"https:\/\/www.europesays.com\/africa\/wp-json\/wp\/v2\/types\/post"}],"author":[{"embeddable":true,"href":"https:\/\/www.europesays.com\/africa\/wp-json\/wp\/v2\/users\/2"}],"replies":[{"embeddable":true,"href":"https:\/\/www.europesays.com\/africa\/wp-json\/wp\/v2\/comments?post=22776"}],"version-history":[{"count":0,"href":"https:\/\/www.europesays.com\/africa\/wp-json\/wp\/v2\/posts\/22776\/revisions"}],"wp:featuredmedia":[{"embeddable":true,"href":"https:\/\/www.europesays.com\/africa\/wp-json\/wp\/v2\/media\/22777"}],"wp:attachment":[{"href":"https:\/\/www.europesays.com\/africa\/wp-json\/wp\/v2\/media?parent=22776"}],"wp:term":[{"taxonomy":"category","embeddable":true,"href":"https:\/\/www.europesays.com\/africa\/wp-json\/wp\/v2\/categories?post=22776"},{"taxonomy":"post_tag","embeddable":true,"href":"https:\/\/www.europesays.com\/africa\/wp-json\/wp\/v2\/tags?post=22776"}],"curies":[{"name":"wp","href":"https:\/\/api.w.org\/{rel}","templated":true}]}}