{"id":22778,"date":"2026-01-14T11:52:18","date_gmt":"2026-01-14T11:52:18","guid":{"rendered":"https:\/\/www.europesays.com\/africa\/22778\/"},"modified":"2026-01-14T11:52:18","modified_gmt":"2026-01-14T11:52:18","slug":"senegal-egypte-les-compos-probables-avec-jackson-et-mane-face-a-salah-et-marmoush","status":"publish","type":"post","link":"https:\/\/www.europesays.com\/africa\/22778\/","title":{"rendered":"S\u00e9n\u00e9gal &#8211; Egypte : les compos probables avec Jackson et Man\u00e9 face \u00e0 Salah et Marmoush"},"content":{"rendered":"<p>Le S\u00e9n\u00e9gal affronte l\u2019\u00c9gypte, ce mercredi (18h, diffusion sur beIN SPORTS 1), pour une place en finale de la CAN 2025. Pape Thiaw devrait relancer Jackson en tant que titulaire. Pas de suprise attendue c\u00f4t\u00e9 egyptien.<\/p>\n<p>S\u00e9n\u00e9gal : Mendy \u2013 Diatta, Koulibaly (c), Niakhat\u00e9, Diouf \u2013 P. Gueye, I. Gueye, Diarra \u2013 Ndiaye, Jackson, Man\u00e9.<\/p>\n<p>\u00c9gypte : El Shenawy \u2013 Hany, Ibrahim, Abdelmaguid, Rabia, Fatouh \u2013 Attia, Fathi \u2013 Ashour \u2013 Salah (c), Marmoush.<\/p>\n","protected":false},"excerpt":{"rendered":"Le S\u00e9n\u00e9gal affronte l\u2019\u00c9gypte, ce mercredi (18h, diffusion sur beIN SPORTS 1), pour une place en finale de&hellip;\n","protected":false},"author":2,"featured_media":22779,"comment_status":"","ping_status":"","sticky":false,"template":"","format":"standard","meta":{"footnotes":""},"categories":[48],"tags":[159],"class_list":{"0":"post-22778","1":"post","2":"type-post","3":"status-publish","4":"format-standard","5":"has-post-thumbnail","7":"category-senegal","8":"tag-senegal"},"share_on_mastodon":{"url":"","error":""},"_links":{"self":[{"href":"https:\/\/www.europesays.com\/africa\/wp-json\/wp\/v2\/posts\/22778","targetHints":{"allow":["GET"]}}],"collection":[{"href":"https:\/\/www.europesays.com\/africa\/wp-json\/wp\/v2\/posts"}],"about":[{"href":"https:\/\/www.europesays.com\/africa\/wp-json\/wp\/v2\/types\/post"}],"author":[{"embeddable":true,"href":"https:\/\/www.europesays.com\/africa\/wp-json\/wp\/v2\/users\/2"}],"replies":[{"embeddable":true,"href":"https:\/\/www.europesays.com\/africa\/wp-json\/wp\/v2\/comments?post=22778"}],"version-history":[{"count":0,"href":"https:\/\/www.europesays.com\/africa\/wp-json\/wp\/v2\/posts\/22778\/revisions"}],"wp:featuredmedia":[{"embeddable":true,"href":"https:\/\/www.europesays.com\/africa\/wp-json\/wp\/v2\/media\/22779"}],"wp:attachment":[{"href":"https:\/\/www.europesays.com\/africa\/wp-json\/wp\/v2\/media?parent=22778"}],"wp:term":[{"taxonomy":"category","embeddable":true,"href":"https:\/\/www.europesays.com\/africa\/wp-json\/wp\/v2\/categories?post=22778"},{"taxonomy":"post_tag","embeddable":true,"href":"https:\/\/www.europesays.com\/africa\/wp-json\/wp\/v2\/tags?post=22778"}],"curies":[{"name":"wp","href":"https:\/\/api.w.org\/{rel}","templated":true}]}}