{"id":22798,"date":"2026-01-14T12:03:31","date_gmt":"2026-01-14T12:03:31","guid":{"rendered":"https:\/\/www.europesays.com\/africa\/22798\/"},"modified":"2026-01-14T12:03:31","modified_gmt":"2026-01-14T12:03:31","slug":"lafrique-pivot-strategique-de-lunion-europeenne-face-a-la-nouvelle-competition-mondiale","status":"publish","type":"post","link":"https:\/\/www.europesays.com\/africa\/22798\/","title":{"rendered":"L&#8217;Afrique, pivot strat\u00e9gique de l&#8217;Union europ\u00e9enne face \u00e0 la nouvelle comp\u00e9tition mondiale"},"content":{"rendered":"<p>\tL&#8217;Afrique, pivot strat\u00e9gique de l&#8217;Union europ\u00e9enne face \u00e0 la nouvelle comp\u00e9tition mondiale &#8211; Touteleurope.eu<\/p>\n<p>        <img decoding=\"async\" alt=\"fermer\" class=\"close-info\" src=\"data:image\/svg+xml,%3Csvg%20xmlns=\" http:=\"\" data-lazy-src=\"https:\/\/www.touteleurope.eu\/wp-content\/themes\/toute_leurope\/assets\/images\/close-picto-blue.svg\"\/><img decoding=\"async\" alt=\"fermer\" class=\"close-info\" src=\"https:\/\/www.touteleurope.eu\/wp-content\/themes\/toute_leurope\/assets\/images\/close-picto-blue.svg\"\/><\/p>\n<p>Touteleurope.eu est le site p\u00e9dagogique de r\u00e9f\u00e9rence sur les questions europ\u00e9ennes : <a href=\"https:\/\/www.touteleurope.eu\/qui-sommes-nous\/\" target=\"_blank\" rel=\"noopener nofollow\">Qui sommes-nous ?<\/a><\/p>\n<p><img decoding=\"async\" class=\"logo-pdf\" alt=\"Toute L'Europe \u2013 Comprendre l'Europe\" src=\"https:\/\/www.touteleurope.eu\/wp-content\/themes\/toute_leurope\/assets\/images\/logo-ttl.svg\"\/><\/p>\n","protected":false},"excerpt":{"rendered":"L&#8217;Afrique, pivot strat\u00e9gique de l&#8217;Union europ\u00e9enne face \u00e0 la nouvelle comp\u00e9tition mondiale &#8211; Touteleurope.eu Touteleurope.eu est le site&hellip;\n","protected":false},"author":2,"featured_media":22799,"comment_status":"","ping_status":"","sticky":false,"template":"","format":"standard","meta":{"footnotes":""},"categories":[62],"tags":[64,3953,162,5765,14102,13406,14103,1572],"class_list":{"0":"post-22798","1":"post","2":"type-post","3":"status-publish","4":"format-standard","5":"has-post-thumbnail","7":"category-afrique","8":"tag-afrique","9":"tag-commerce","10":"tag-economie","11":"tag-energie","12":"tag-energies-fossiles","13":"tag-energies-renouvelables","14":"tag-matieres-premieres","15":"tag-numerique"},"share_on_mastodon":{"url":"","error":""},"_links":{"self":[{"href":"https:\/\/www.europesays.com\/africa\/wp-json\/wp\/v2\/posts\/22798","targetHints":{"allow":["GET"]}}],"collection":[{"href":"https:\/\/www.europesays.com\/africa\/wp-json\/wp\/v2\/posts"}],"about":[{"href":"https:\/\/www.europesays.com\/africa\/wp-json\/wp\/v2\/types\/post"}],"author":[{"embeddable":true,"href":"https:\/\/www.europesays.com\/africa\/wp-json\/wp\/v2\/users\/2"}],"replies":[{"embeddable":true,"href":"https:\/\/www.europesays.com\/africa\/wp-json\/wp\/v2\/comments?post=22798"}],"version-history":[{"count":0,"href":"https:\/\/www.europesays.com\/africa\/wp-json\/wp\/v2\/posts\/22798\/revisions"}],"wp:featuredmedia":[{"embeddable":true,"href":"https:\/\/www.europesays.com\/africa\/wp-json\/wp\/v2\/media\/22799"}],"wp:attachment":[{"href":"https:\/\/www.europesays.com\/africa\/wp-json\/wp\/v2\/media?parent=22798"}],"wp:term":[{"taxonomy":"category","embeddable":true,"href":"https:\/\/www.europesays.com\/africa\/wp-json\/wp\/v2\/categories?post=22798"},{"taxonomy":"post_tag","embeddable":true,"href":"https:\/\/www.europesays.com\/africa\/wp-json\/wp\/v2\/tags?post=22798"}],"curies":[{"name":"wp","href":"https:\/\/api.w.org\/{rel}","templated":true}]}}