{"id":228,"date":"2026-01-03T12:14:11","date_gmt":"2026-01-03T12:14:11","guid":{"rendered":"https:\/\/www.europesays.com\/africa\/228\/"},"modified":"2026-01-03T12:14:11","modified_gmt":"2026-01-03T12:14:11","slug":"can-2025-rencontres-dates-horaires-chaines-tout-savoir-sur-les-huitiemes-de-finale-de-la-coupe-dafrique-des-nations","status":"publish","type":"post","link":"https:\/\/www.europesays.com\/africa\/228\/","title":{"rendered":"CAN 2025\u00a0: rencontres, dates, horaires, cha\u00eenes\u2026 Tout savoir sur les huiti\u00e8mes de finale de la Coupe d\u2019Afrique des nations"},"content":{"rendered":"<p>\n                                                                    l&#8217;essentiel<br \/>\n                                                                La phase finale de la Coupe d\u2019Afrique des nations commence avec des rencontres palpitantes. Ce samedi 3\u00a0janvier, le S\u00e9n\u00e9gal affronte le Soudan, tandis que le Mali et la Tunisie se disputeront une place en quart de finale.\n                            <\/p>\n<p>\u00c7a repart de plus belle. Trois jours apr\u00e8s la fin des phases de groupes, conclues notamment par les belles victoires de la C\u00f4te-d\u2019Ivoire et du Cameroun, la phase finale de la Coupe d\u2019Afrique des nations d\u00e9bute ce samedi 3\u00a0janvier avec deux rencontres au programme.<\/p>\n<p class=\"std-elt__inline\">\n        \u00c0 lire aussi :<br \/>\n        <a href=\"https:\/\/www.ladepeche.fr\/2025\/12\/28\/can-2025-on-ma-dit-darreter-le-destin-exceptionnel-du-footballeur-qui-joue-avec-un-seul-oeil-13134030.php\" rel=\"nofollow noopener\" target=\"_blank\">CAN 2025\u00a0: &#8220;On m\u2019a dit d\u2019arr\u00eater&#8221;\u2026 Le destin exceptionnel du footballeur qui joue avec un seul \u0153il<\/a>\n    <\/p>\n<p>C\u2019est d\u2019abord le S\u00e9n\u00e9gal, vainqueur de l\u2019\u00e9dition 2021, qui entrera en piste face au Soudan, formation r\u00e9cemment entr\u00e9e dans l\u2019histoire en devenant la premi\u00e8re \u00e9quipe qualifi\u00e9e pour les huiti\u00e8mes de finale de la comp\u00e9tition\u00a0sans avoir inscrit le moindre but (un but contre son camp de la\u00a0Guin\u00e9e \u00c9quatoriale lors de la deuxi\u00e8me journ\u00e9e).<\/p>\n<p class=\"std-elt__inline\">\n        \u00c0 lire aussi :<br \/>\n        <a href=\"https:\/\/www.ladepeche.fr\/2026\/01\/01\/video-le-ministre-des-sports-vire-deux-stars-de-lequipe-nationale-en-direct-a-la-tele-chaos-au-gabon-apres-une-can-2025-ratee-13139598.php\" rel=\"nofollow noopener\" target=\"_blank\">VIDEO. Le ministre des Sports vire deux stars de l\u2019\u00e9quipe nationale en direct \u00e0 la t\u00e9l\u00e9\u00a0: chaos au Gabon apr\u00e8s une CAN 2025 rat\u00e9e<\/a>\n    <\/p>\n<p>Puis viendra, ce samedi soir, le choc entre le Mali et la Tunisie. Si les Aigles restent sur trois matchs nuls dans la comp\u00e9tition, les Aigles de Carthage, eux, n\u2019ont r\u00e9ussi qu\u2019\u00e0 prendre le meilleur sur l\u2019Ouganda (3-1) depuis le 23\u00a0d\u00e9cembre dernier. Lors de la derni\u00e8re CAN, leur affrontement en phase de groupe s\u2019\u00e9tait sold\u00e9 par un match nul (1-1).<\/p>\n<p class=\"std-elt__inline\">\n        \u00c0 lire aussi :<br \/>\n        <a href=\"https:\/\/www.ladepeche.fr\/2025\/12\/31\/algerie-rdc-il-va-y-avoir-des-etincelles-le-chanteur-gims-lance-deja-le-premier-choc-de-la-can-2025-13138195.php\" rel=\"nofollow noopener\" target=\"_blank\">Alg\u00e9rie-RDC\u00a0: &#8220;Il va y avoir des \u00e9tincelles&#8221;\u00a0: le chanteur Gims lance d\u00e9j\u00e0 le premier choc de la CAN 2025<\/a>\n    <\/p>\n<p>Demain, dimanche 4\u00a0janvier, le Maroc affrontera la Tanzanie tandis que le Cameroun devra livrer une rude bataille contre l\u2019Afrique du Sud. Le lendemain, l\u2019\u00c9gypte et le B\u00e9nin tenteront de se d\u00e9partager, tout comme le Nig\u00e9ria et le Mozambique. Enfin, mardi 6\u00a0janvier, deux chocs seront au programme\u00a0: Alg\u00e9rie \u2013 R\u00e9publique d\u00e9mocratique du Congo et C\u00f4te-d\u2019Ivoire \u2013 Burkina Faso.<\/p>\n<p>    Le programme des huiti\u00e8mes de finale<\/p>\n<p>Samedi 3\u00a0janvier\u00a0:<\/p>\n<p>S\u00e9n\u00e9gal \u2013 Soudan (17h, beIN Sport 1)<\/p>\n<p>Mali \u2013 Tunisie (20h, beIN Sport 1)<\/p>\n<p>Dimanche 4\u00a0janvier\u00a0:<\/p>\n<p>Maroc \u2013 Tanzanie (17h, beIN Sport 1)<\/p>\n<p>Afrique du Sud \u2013 Cameroun (20h, beIN Sport 1)<\/p>\n<p>Lundi 5\u00a0janvier\u00a0:<\/p>\n<p>\u00c9gypte \u2013 B\u00e9nin (17h, beIN Sport 1)<\/p>\n<p>Nig\u00e9ria \u2013 Mozambique (20h, beIN Sport 1)<\/p>\n<p>Mardi 6\u00a0janvier\u00a0:<\/p>\n<p>Alg\u00e9rie \u2013 R\u00e9publique d\u00e9mocratique du Congo (17h, beIN Sport 1)<\/p>\n<p>C\u00f4te-d\u2019Ivoire \u2013 Burkina Faso (20h, beIN Sport 1)<\/p>\n","protected":false},"excerpt":{"rendered":"l&#8217;essentiel La phase finale de la Coupe d\u2019Afrique des nations commence avec des rencontres palpitantes. Ce samedi 3\u00a0janvier,&hellip;\n","protected":false},"author":2,"featured_media":229,"comment_status":"","ping_status":"","sticky":false,"template":"","format":"standard","meta":{"footnotes":""},"categories":[62],"tags":[64,312,311,310],"class_list":{"0":"post-228","1":"post","2":"type-post","3":"status-publish","4":"format-standard","5":"has-post-thumbnail","7":"category-afrique","8":"tag-afrique","9":"tag-coupe-du2019afrique-des-nations-2024","10":"tag-football","11":"tag-sport"},"share_on_mastodon":{"url":"","error":""},"_links":{"self":[{"href":"https:\/\/www.europesays.com\/africa\/wp-json\/wp\/v2\/posts\/228","targetHints":{"allow":["GET"]}}],"collection":[{"href":"https:\/\/www.europesays.com\/africa\/wp-json\/wp\/v2\/posts"}],"about":[{"href":"https:\/\/www.europesays.com\/africa\/wp-json\/wp\/v2\/types\/post"}],"author":[{"embeddable":true,"href":"https:\/\/www.europesays.com\/africa\/wp-json\/wp\/v2\/users\/2"}],"replies":[{"embeddable":true,"href":"https:\/\/www.europesays.com\/africa\/wp-json\/wp\/v2\/comments?post=228"}],"version-history":[{"count":0,"href":"https:\/\/www.europesays.com\/africa\/wp-json\/wp\/v2\/posts\/228\/revisions"}],"wp:featuredmedia":[{"embeddable":true,"href":"https:\/\/www.europesays.com\/africa\/wp-json\/wp\/v2\/media\/229"}],"wp:attachment":[{"href":"https:\/\/www.europesays.com\/africa\/wp-json\/wp\/v2\/media?parent=228"}],"wp:term":[{"taxonomy":"category","embeddable":true,"href":"https:\/\/www.europesays.com\/africa\/wp-json\/wp\/v2\/categories?post=228"},{"taxonomy":"post_tag","embeddable":true,"href":"https:\/\/www.europesays.com\/africa\/wp-json\/wp\/v2\/tags?post=228"}],"curies":[{"name":"wp","href":"https:\/\/api.w.org\/{rel}","templated":true}]}}