{"id":22802,"date":"2026-01-14T12:05:07","date_gmt":"2026-01-14T12:05:07","guid":{"rendered":"https:\/\/www.europesays.com\/africa\/22802\/"},"modified":"2026-01-14T12:05:07","modified_gmt":"2026-01-14T12:05:07","slug":"un-supporter-de-lalgerie-arrete-apres-avoir-dechire-des-billets-de-banque-marocains-par-provocation","status":"publish","type":"post","link":"https:\/\/www.europesays.com\/africa\/22802\/","title":{"rendered":"un supporter de l\u2019Alg\u00e9rie arr\u00eat\u00e9 apr\u00e8s avoir d\u00e9chir\u00e9 des billets de banque marocains par provocation"},"content":{"rendered":"<p class=\"article-p mdl\">La sc\u00e8ne a beaucoup fait parler sur les r\u00e9seaux sociaux. Film\u00e9 en train de d\u00e9chirer des billets de banque marocains samedi 10 janvier apr\u00e8s l\u2019\u00e9limination de l&#8217;Alg\u00e9rie en\u00a0<a class=\"link\" href=\"https:\/\/www.rtl.fr\/sport\/football\/can-fin-de-parcours-pour-l-algerie-qui-s-incline-en-quart-de-finale-contre-le-nigeria-7900587328\" title=\"CAN : fin de parcours pour l&#039;Alg\u00e9rie qui s&#039;incline en quart de finale contre le Nigeria\" rel=\"nofollow noopener\" target=\"_blank\">quarts de finale de la CAN contre le Nigeria<\/a>\u00a0(0-2), un supporter britannique des Fennecs a \u00e9t\u00e9 arr\u00eat\u00e9 par la police locale, selon les informations des m\u00e9dias\u00a0<a class=\"link\" href=\"https:\/\/fr.le360.ma\/societe\/can-2025-un-supporter-algerien-arrete-pour-avoir-dechire-des-billets-de-banque-marocains_O6YWPJVJMBDEBF64HK4XB7QTM4\/\" target=\"_blank\" rel=\"nofollow noopener\">Le 360<\/a>\u00a0et\u00a0<a class=\"link\" href=\"https:\/\/lematin.ma\/nation\/billets-de-banque-dechires-au-stade-indignation-et-reaction-des-autorites\/324034\" target=\"_blank\" rel=\"nofollow noopener\">Le Matin<\/a>.<\/p>\n<p class=\"article-p mdl\">Son geste provocateur, sous-entendant que l\u2019arbitre de la rencontre aurait \u00e9t\u00e9 corrompu par le pays h\u00f4te de la comp\u00e9tition, lui a valu d&#8217;\u00eatre interpell\u00e9 par les services de s\u00e9curit\u00e9 de la ville de Casablanca \u00e0 l\u2019a\u00e9roport Mohammed V, avant d\u2019\u00eatre remis aux autorit\u00e9s de Marrakech, o\u00f9 avait lieu la rencontre.<\/p>\n<p class=\"article-p mdl\">Plac\u00e9 en garde \u00e0 vue, il est d\u00e9sormais \u00e0 disposition du parquet g\u00e9n\u00e9ral pr\u00e8s de la cour d\u2019appel et a reconnu les faits qui lui sont reproch\u00e9s, selon le m\u00e9dia marocain. Il s\u2019expose \u00e0 des poursuites en justice et \u00e0 des sanctions p\u00e9nales. Reste d\u00e9sormais \u00e0 conna\u00eetre les conclusions de l&#8217;enqu\u00eate avant le lancement d&#8217;une \u00e9ventuelle proc\u00e9dure au tribunal, mais cela ne risque pas d&#8217;arranger les relations diplomatiques entre Alger et Rabat, qui auraient vu leurs deux \u00e9quipes nationales s&#8217;affronter sans une victoire du Nigeria.<\/p>\n<p lang=\"ar\" dir=\"rtl\">\u0627\u0644\u0639\u0628\u062b \u0644\u064a\u0633 \u062a\u0634\u062c\u064a\u0639\u0627\u064b \u0631\u064a\u0627\u0636\u064a\u0627\u064b<\/p>\n<p>\u062a\u0645\u0632\u064a\u0642 \u0627\u0644\u0639\u0645\u0644\u0629 \u0627\u0644\u0648\u0637\u0646\u064a\u0629 \u0625\u0647\u0627\u0646\u0629 \u0635\u0631\u064a\u062d\u0629 \u0644\u062f\u0648\u0644\u0629 \u0648\u0634\u0639\u0628\u060c \u0648\u0627\u0644\u0631\u062f \u0643\u0627\u0646 \u062d\u0627\u0632\u0645\u0627\u064b: \u062a\u0648\u0642\u064a\u0641 \u0641\u0648\u0631\u064a \u0648\u062a\u0637\u0628\u064a\u0642 \u0635\u0627\u0631\u0645 \u0644\u0644\u0642\u0627\u0646\u0648\u0646.<\/p>\n<p>\u0627\u0644\u0645\u063a\u0631\u0628 \u062f\u0648\u0644\u0629 \u0645\u0624\u0633\u0633\u0627\u062a\u2026 \u0648\u0645\u0646 \u064a\u062e\u0637\u0626 \u064a\u064f\u062d\u0627\u0633\u064e\u0628 \u0645\u0647\u0645\u0627 \u0643\u0627\u0646\u062a \u062c\u0646\u0633\u064a\u062a\u0647. <\/p>\n<p>&#8220;\u0623\u0648\u0642\u0641\u062a \u0627\u0644\u0645\u0635\u0627\u0644\u062d \u0627\u0644\u0623\u0645\u0646\u064a\u0629 \u0628\u0645\u0637\u0627\u0631 \u0627\u0644\u062f\u0627\u0631 \u0627\u0644\u0628\u064a\u0636\u0627\u0621 \u0645\u0634\u062c\u0639\u0627 \u062c\u0632\u0627\u0626\u0631\u064a\u0627\u060c \u0639\u0642\u0628 \u0638\u0647\u0648\u0631\u0647 \u0631\u0641\u0642\u0629 \u0645\u0634\u062c\u0639\u064a\u0646 \u062c\u0632\u0627\u0626\u0631\u064a\u064a\u0646\u2026 <a href=\"https:\/\/t.co\/Gxcpu4j0HU\" rel=\"nofollow\">pic.twitter.com\/Gxcpu4j0HU<\/a><\/p>\n<p>\u2014 \u0645\u0635\u0637\u0641\u0649 \u0627\u0644\u0639\u0644\u0645\u064a\ud83c\uddf2\ud83c\udde6 (@alamimustapha00) <a href=\"https:\/\/twitter.com\/alamimustapha00\/status\/2010690986381336724?ref_src=twsrc%5Etfw\" rel=\"nofollow noopener\" target=\"_blank\">January 12, 2026<\/a> <\/p>\n<p class=\"article-p mdl\">Au centre de la contestation alg\u00e9rienne, qui a d&#8217;ailleurs\u00a0<a class=\"link\" href=\"https:\/\/www.rtl.fr\/sport\/football\/can-2025-soupcons-arbitrage-tensions-pourquoi-l-algerie-a-depose-plainte-aupres-de-la-caf-et-la-fifa-7900588136\" title=\"CAN 2025 : soup\u00e7ons, arbitrage, tensions\u2026 Pourquoi l\u2019Alg\u00e9rie a d\u00e9pos\u00e9 une plainte aupr\u00e8s de la CAF et la FIFA\" rel=\"nofollow noopener\" target=\"_blank\">vu la F\u00e9d\u00e9ration saisir la Conf\u00e9d\u00e9ration africaine et la Fifa<\/a>, une action survenue au d\u00e9but du quart de finale a cristallis\u00e9 les tensions. Sur un centre de Far\u00e8s Cha\u00efbi, le ballon semble heurter la main de Junior Ajayi dans la surface. Une situation qui, selon les Verts, aurait d\u00fb entra\u00eener un penalty. L\u2019arbitre s\u00e9n\u00e9galais Issa Sy n\u2019a pourtant pas bronch\u00e9, pas plus que la VAR.<\/p>\n<p>    La r\u00e9daction vous recommande<\/p>\n<p class=\"s-newsletter__title\">\n                L\u2019actualit\u00e9 par la r\u00e9daction de RTL dans votre bo\u00eete mail.\n            <\/p>\n<p class=\"s-newsletter__subtitle\">\n                Gr\u00e2ce \u00e0 votre compte RTL abonnez-vous \u00e0 la newsletter RTL info pour suivre toute l&#8217;actualit\u00e9 au quotidien\n            <\/p>\n<p>\n                                    Lire la suite\n                                <\/p>\n<p>                            <script async src=\"https:\/\/platform.twitter.com\/widgets.js\" charset=\"utf-8\"><\/script><\/p>\n","protected":false},"excerpt":{"rendered":"La sc\u00e8ne a beaucoup fait parler sur les r\u00e9seaux sociaux. Film\u00e9 en train de d\u00e9chirer des billets de&hellip;\n","protected":false},"author":2,"featured_media":22803,"comment_status":"","ping_status":"","sticky":false,"template":"","format":"standard","meta":{"footnotes":""},"categories":[254],"tags":[255,360,295,2146,158],"class_list":{"0":"post-22802","1":"post","2":"type-post","3":"status-publish","4":"format-standard","5":"has-post-thumbnail","7":"category-algerie","8":"tag-algerie","9":"tag-can","10":"tag-fil-info","11":"tag-fil-sport","12":"tag-maroc"},"share_on_mastodon":{"url":"","error":""},"_links":{"self":[{"href":"https:\/\/www.europesays.com\/africa\/wp-json\/wp\/v2\/posts\/22802","targetHints":{"allow":["GET"]}}],"collection":[{"href":"https:\/\/www.europesays.com\/africa\/wp-json\/wp\/v2\/posts"}],"about":[{"href":"https:\/\/www.europesays.com\/africa\/wp-json\/wp\/v2\/types\/post"}],"author":[{"embeddable":true,"href":"https:\/\/www.europesays.com\/africa\/wp-json\/wp\/v2\/users\/2"}],"replies":[{"embeddable":true,"href":"https:\/\/www.europesays.com\/africa\/wp-json\/wp\/v2\/comments?post=22802"}],"version-history":[{"count":0,"href":"https:\/\/www.europesays.com\/africa\/wp-json\/wp\/v2\/posts\/22802\/revisions"}],"wp:featuredmedia":[{"embeddable":true,"href":"https:\/\/www.europesays.com\/africa\/wp-json\/wp\/v2\/media\/22803"}],"wp:attachment":[{"href":"https:\/\/www.europesays.com\/africa\/wp-json\/wp\/v2\/media?parent=22802"}],"wp:term":[{"taxonomy":"category","embeddable":true,"href":"https:\/\/www.europesays.com\/africa\/wp-json\/wp\/v2\/categories?post=22802"},{"taxonomy":"post_tag","embeddable":true,"href":"https:\/\/www.europesays.com\/africa\/wp-json\/wp\/v2\/tags?post=22802"}],"curies":[{"name":"wp","href":"https:\/\/api.w.org\/{rel}","templated":true}]}}