{"id":22804,"date":"2026-01-14T12:06:14","date_gmt":"2026-01-14T12:06:14","guid":{"rendered":"https:\/\/www.europesays.com\/africa\/22804\/"},"modified":"2026-01-14T12:06:14","modified_gmt":"2026-01-14T12:06:14","slug":"gracie-bassirou-mangane-de-nouveau-dans-les-filets-de-la-police","status":"publish","type":"post","link":"https:\/\/www.europesays.com\/africa\/22804\/","title":{"rendered":"graci\u00e9, Bassirou Mangane de nouveau dans les filets de la police"},"content":{"rendered":"<p data-originalcomputedfontsize=\"16\" data-removefontsize=\"true\" style=\"font-size: 1rem; -webkit-text-size-adjust: auto; caret-color: rgb(212, 212, 213); font-family: -apple-system, sans-serif; word-spacing: 1px; -webkit-tap-highlight-color: rgba(255, 255, 255, 0.25); border-color: rgb(49, 49, 49); color: rgb(49, 49, 49);\">La traque des auteurs pr\u00e9sum\u00e9s des actes de violence baptis\u00e9s \u00ab Simol \u00bb, survenus le 4 janvier dernier \u00e0 l\u2019arr\u00eat Dial Mbaye, se poursuit sans rel\u00e2che \u00e0 Gu\u00e9diawaye. Apr\u00e8s le d\u00e9ferrement d\u2019Abdou L\u00f4 S\u00e8ne, alias \u00ab B\u00e9b\u00e9 Jackson \u00bb, et de plusieurs de ses pr\u00e9sum\u00e9s acolytes, la S\u00fbret\u00e9 urbaine a proc\u00e9d\u00e9 \u00e0 une nouvelle arrestation marquante. Selon Lib\u00e9ration, Bassirou Mangane, r\u00e9cemment lib\u00e9r\u00e9 \u00e0 la faveur d\u2019une gr\u00e2ce pr\u00e9sidentielle, a \u00e9t\u00e9 interpell\u00e9 dans le cadre de cette affaire. <\/p>\n<p style=\"-webkit-text-size-adjust: auto; caret-color: rgb(212, 212, 213); font-family: -apple-system, sans-serif; word-spacing: 1px; -webkit-tap-highlight-color: rgba(255, 255, 255, 0.25); border-color: rgb(49, 49, 49); color: rgb(49, 49, 49);\">\u00a0 <\/p>\n<p data-originalcomputedfontsize=\"16\" data-removefontsize=\"true\" style=\"font-size: 1rem; -webkit-text-size-adjust: auto; caret-color: rgb(212, 212, 213); font-family: -apple-system, sans-serif; word-spacing: 1px; -webkit-tap-highlight-color: rgba(255, 255, 255, 0.25); border-color: rgb(49, 49, 49); color: rgb(49, 49, 49);\">D\u2019apr\u00e8s les informations rapport\u00e9es par Lib\u00e9ration, Bassirou Mangane, \u00e2g\u00e9 de 32 ans, se pr\u00e9sentant comme tailleur et domicili\u00e9 \u00e0 Golf Nord, a \u00e9t\u00e9 formellement identifi\u00e9 comme faisant partie du convoi de \u00ab B\u00e9b\u00e9 Jackson \u00bb. Les faits se sont produits en marge d\u2019un combat de lutte, un contexte souvent propice \u00e0 des d\u00e9bordements violents, notamment dans certains points n\u00e9vralgiques comme l\u2019arr\u00eat Dial Mbaye. <\/p>\n<p style=\"-webkit-text-size-adjust: auto; caret-color: rgb(212, 212, 213); font-family: -apple-system, sans-serif; word-spacing: 1px; -webkit-tap-highlight-color: rgba(255, 255, 255, 0.25); border-color: rgb(49, 49, 49); color: rgb(49, 49, 49);\">\u00a0 <\/p>\n<p data-originalcomputedfontsize=\"16\" data-removefontsize=\"true\" style=\"font-size: 1rem; -webkit-text-size-adjust: auto; caret-color: rgb(212, 212, 213); font-family: -apple-system, sans-serif; word-spacing: 1px; -webkit-tap-highlight-color: rgba(255, 255, 255, 0.25); border-color: rgb(49, 49, 49); color: rgb(49, 49, 49);\">Les enqu\u00eateurs de la S\u00fbret\u00e9 urbaine de Gu\u00e9diawaye, d\u00e9termin\u00e9s \u00e0 faire toute la lumi\u00e8re sur ces agressions collectives, ont exploit\u00e9 les images de vid\u00e9osurveillance de la zone. Celles-ci ont permis, selon Lib\u00e9ration, d\u2019identifier clairement Bassirou Mangane parmi les individus pr\u00e9sents lors des incidents. On le voit notamment aux abords de l\u2019arr\u00eat Dial Mbaye, \u00e0 bord de sa moto, v\u00eatu d\u2019un capuchon de couleur rouge. <\/p>\n<p style=\"-webkit-text-size-adjust: auto; caret-color: rgb(212, 212, 213); font-family: -apple-system, sans-serif; word-spacing: 1px; -webkit-tap-highlight-color: rgba(255, 255, 255, 0.25); border-color: rgb(49, 49, 49); color: rgb(49, 49, 49);\">\u00a0 <\/p>\n<p data-originalcomputedfontsize=\"16\" data-removefontsize=\"true\" style=\"font-size: 1rem; -webkit-text-size-adjust: auto; caret-color: rgb(212, 212, 213); font-family: -apple-system, sans-serif; word-spacing: 1px; -webkit-tap-highlight-color: rgba(255, 255, 255, 0.25); border-color: rgb(49, 49, 49); color: rgb(49, 49, 49);\">Interrog\u00e9 dans un premier temps, le mis en cause a tent\u00e9 de nier toute pr\u00e9sence sur les lieux au moment des faits. Mais confront\u00e9 aux images accablantes issues de la vid\u00e9osurveillance, Bassirou Mangane s\u2019est enlis\u00e9 dans des d\u00e9n\u00e9gations jug\u00e9es peu convaincantes par les enqu\u00eateurs, rapporte Lib\u00e9ration. <\/p>\n<p style=\"-webkit-text-size-adjust: auto; caret-color: rgb(212, 212, 213); font-family: -apple-system, sans-serif; word-spacing: 1px; -webkit-tap-highlight-color: rgba(255, 255, 255, 0.25); border-color: rgb(49, 49, 49); color: rgb(49, 49, 49);\">\u00a0 <\/p>\n<p data-originalcomputedfontsize=\"16\" data-removefontsize=\"true\" style=\"font-size: 1rem; -webkit-text-size-adjust: auto; caret-color: rgb(212, 212, 213); font-family: -apple-system, sans-serif; word-spacing: 1px; -webkit-tap-highlight-color: rgba(255, 255, 255, 0.25); border-color: rgb(49, 49, 49); color: rgb(49, 49, 49);\">Accul\u00e9 par les preuves mat\u00e9rielles, il finira par revenir sur ses d\u00e9clarations. Toujours selon Lib\u00e9ration, il a reconnu avoir \u00e9t\u00e9 effectivement sur les lieux, tout en avan\u00e7ant une explication pour le moins surprenante : il pr\u00e9tendait \u00eatre \u00e0 la recherche d\u2019une somme d\u2019argent qu\u2019il aurait \u00e9gar\u00e9e dans le secteur. <\/p>\n<p style=\"-webkit-text-size-adjust: auto; caret-color: rgb(212, 212, 213); font-family: -apple-system, sans-serif; word-spacing: 1px; -webkit-tap-highlight-color: rgba(255, 255, 255, 0.25); border-color: rgb(49, 49, 49); color: rgb(49, 49, 49);\">\u00a0 <\/p>\n<p data-originalcomputedfontsize=\"16\" data-removefontsize=\"true\" dir=\"auto\" style=\"font-size: 1rem; -webkit-text-size-adjust: auto; caret-color: rgb(212, 212, 213); font-family: -apple-system, sans-serif; word-spacing: 1px; -webkit-tap-highlight-color: rgba(255, 255, 255, 0.25); border-color: rgb(49, 49, 49); color: rgb(49, 49, 49);\">Un \u00e9l\u00e9ment vient alourdir davantage son cas. Bassirou Mangane venait tout juste d\u2019\u00eatre \u00e9largi des liens de d\u00e9tention \u00e0 la suite d\u2019une gr\u00e2ce pr\u00e9sidentielle. Il avait auparavant \u00e9t\u00e9 condamn\u00e9 pour offre et cession de chanvre indien. Une r\u00e9cidive pr\u00e9sum\u00e9e qui suscite l\u2019incompr\u00e9hension et relance le d\u00e9bat sur l\u2019efficacit\u00e9 des mesures de cl\u00e9mence face \u00e0 la persistance de certains ph\u00e9nom\u00e8nes de violence urbaine. <\/p>\n","protected":false},"excerpt":{"rendered":"La traque des auteurs pr\u00e9sum\u00e9s des actes de violence baptis\u00e9s \u00ab Simol \u00bb, survenus le 4 janvier dernier&hellip;\n","protected":false},"author":2,"featured_media":22805,"comment_status":"","ping_status":"","sticky":false,"template":"","format":"standard","meta":{"footnotes":""},"categories":[48],"tags":[64,274,279,273,277,278,271,281,283,272,280,276,275,159,282],"class_list":{"0":"post-22804","1":"post","2":"type-post","3":"status-publish","4":"format-standard","5":"has-post-thumbnail","7":"category-senegal","8":"tag-afrique","9":"tag-aliou-cisse","10":"tag-amadou-ba","11":"tag-apr","12":"tag-bassirou-diomaye-faye","13":"tag-bathelemy-dias","14":"tag-dakar","15":"tag-el-malick-ndiaye","16":"tag-guy-marius-sagna","17":"tag-macky-sall","18":"tag-madiambal-diagne","19":"tag-ousmane-sonko","20":"tag-pastef","21":"tag-senegal","22":"tag-ziguinchor"},"share_on_mastodon":{"url":"","error":""},"_links":{"self":[{"href":"https:\/\/www.europesays.com\/africa\/wp-json\/wp\/v2\/posts\/22804","targetHints":{"allow":["GET"]}}],"collection":[{"href":"https:\/\/www.europesays.com\/africa\/wp-json\/wp\/v2\/posts"}],"about":[{"href":"https:\/\/www.europesays.com\/africa\/wp-json\/wp\/v2\/types\/post"}],"author":[{"embeddable":true,"href":"https:\/\/www.europesays.com\/africa\/wp-json\/wp\/v2\/users\/2"}],"replies":[{"embeddable":true,"href":"https:\/\/www.europesays.com\/africa\/wp-json\/wp\/v2\/comments?post=22804"}],"version-history":[{"count":0,"href":"https:\/\/www.europesays.com\/africa\/wp-json\/wp\/v2\/posts\/22804\/revisions"}],"wp:featuredmedia":[{"embeddable":true,"href":"https:\/\/www.europesays.com\/africa\/wp-json\/wp\/v2\/media\/22805"}],"wp:attachment":[{"href":"https:\/\/www.europesays.com\/africa\/wp-json\/wp\/v2\/media?parent=22804"}],"wp:term":[{"taxonomy":"category","embeddable":true,"href":"https:\/\/www.europesays.com\/africa\/wp-json\/wp\/v2\/categories?post=22804"},{"taxonomy":"post_tag","embeddable":true,"href":"https:\/\/www.europesays.com\/africa\/wp-json\/wp\/v2\/tags?post=22804"}],"curies":[{"name":"wp","href":"https:\/\/api.w.org\/{rel}","templated":true}]}}