{"id":22874,"date":"2026-01-14T12:47:09","date_gmt":"2026-01-14T12:47:09","guid":{"rendered":"https:\/\/www.europesays.com\/africa\/22874\/"},"modified":"2026-01-14T12:47:09","modified_gmt":"2026-01-14T12:47:09","slug":"karim-benzema-ne-veut-pas-faire-de-hierarchie-entre-son-attachement-a-la-france-lalgerie-lyon-et-bron","status":"publish","type":"post","link":"https:\/\/www.europesays.com\/africa\/22874\/","title":{"rendered":"Karim Benzema ne veut pas faire de hi\u00e9rarchie entre son attachement \u00e0 la France, l&#8217;Alg\u00e9rie, Lyon et Bron"},"content":{"rendered":"<p>Karim Benzema a lanc\u00e9 un beau message sur la multi-identit\u00e9 ce mardi. Refusant de faire une hi\u00e9rarchie entre son amour de la France et de l&#8217;Alg\u00e9rie, l&#8217;attaquant de 38 ans a d\u00e9nonc\u00e9 les pol\u00e9miques politiques autour de lui.<\/p>\n<p>Parti \u00e0 l\u2019\u00e9tranger, au <a href=\"https:\/\/rmcsport.bfmtv.com\/football\/liga\/real-madrid_DN-202304140701.html\" title=\"Real Madrid\" class=\"internal_link\" rel=\"nofollow noopener\" target=\"_blank\">Real Madrid<\/a> puis \u00e0 Al-Ittihad, depuis son d\u00e9part de l\u2019OL en 2009, Karim Benzema n\u2019en reste pas moins attach\u00e9 \u00e0 la France. Apr\u00e8s avoir ouvert la porte \u00e0 un retour dans la s\u00e9lection dirig\u00e9e par <a href=\"https:\/\/rmcsport.bfmtv.com\/football\/didier-deschamps_DN-202108310503.html\" title=\"Didier Deschamps\" class=\"internal_link\" rel=\"nofollow noopener\" target=\"_blank\">Didier Deschamps<\/a>, &#8220;KB9&#8221; a \u00e9galement rappel\u00e9 son vif attachement \u00e0 son pays en marge de son <a href=\"https:\/\/rmcsport.bfmtv.com\/football\/clubs\/olympique-lyon\/de-tout-c-ur-avec-lui-karim-benzema-affiche-son-soutien-a-jean-michel-aulas-pour-l-election-municipale-a-lyon_AV-202601130977.html\" title=\"&quot;De tout c\u0153ur avec lui&quot;: Karim Benzema affiche son soutien \u00e0 Jean-Michel Aulas pour l&#039;\u00e9lection municipale \u00e0 Lyon\" class=\"internal_link\" rel=\"nofollow noopener\" target=\"_blank\">soutien \u00e0 Jean-Michel Aulas<\/a> dans la course \u00e0 la mairie de Lyon.<\/p>\n<p>Interrog\u00e9 sur ses origines, Lyonnais de Bron et Fran\u00e7ais d\u2019origine alg\u00e9rienne, <a href=\"https:\/\/rmcsport.bfmtv.com\/football\/karim-benzema_DN-201506210107.html\" title=\"Karim Benzema\" class=\"internal_link\" rel=\"nofollow noopener\" target=\"_blank\">Karim Benzema<\/a> a clairement refus\u00e9 de donner un ordre. \u00c0 ses yeux, pas question de faire une hi\u00e9rarchie. N\u00e9 \u00e0 Lyon, \u00e9lev\u00e9 \u00e0 Bron et form\u00e9 \u00e0 l\u2019OL, Fran\u00e7ais d\u2019ascendance alg\u00e9rienne, le buteur s\u2019est construit sur cette identit\u00e9 aux multiples facettes.<\/p>\n<p>&#8220;Ce n\u2019est pas une histoire d\u2019ordre, je suis un peu tout \u00e7a. Je suis tout \u00e7a parce que j\u2019ai \u00e9t\u00e9 \u00e9lev\u00e9 en France, j\u2019ai fait ma scolarit\u00e9 en France, j\u2019ai jou\u00e9 en France&#8221;, a clairement r\u00e9pondu le v\u00e9t\u00e9ran de 38 ans ce mardi au micro de la <a href=\"https:\/\/x.com\/LCI\/status\/2011183469355807228\" target=\"_blank\" class=\"external_link\" rel=\"nofollow\">cha\u00eene LCI<\/a>. &#8220;J\u2019ai ma famille, j\u2019ai <a href=\"https:\/\/rmcsport.bfmtv.com\/football\/saudi-pro-league\/quand-karim-benzema-s-affiche-avec-le-maillot-de-l-algerie-offert-par-les-fennecs_AV-202412240293.html\" title=\"Quand Karim Benzema s&#039;affiche avec le maillot de l&#039;Alg\u00e9rie, offert par les Fennecs\" class=\"internal_link\" rel=\"nofollow noopener\" target=\"_blank\">mes origines aussi en Alg\u00e9rie<\/a> avec mon papa qui est n\u00e9 en Alg\u00e9rie et ma maman en France. Je pense que tout y est. Je suis brondillant, je suis lyonnais et \u00e7a ne change pas. \u00c7a continue comme \u00e7a.&#8221;<\/p>\n<p><img decoding=\"async\" src=\"https:\/\/www.europesays.com\/africa\/wp-content\/uploads\/2026\/01\/principale-89_6.jpg\"  alt=\"Le meilleur de Rothen s'enflamme : un retour de Benzema en Bleu est-il impossible ?\u00a0\" title=\"Le meilleur de Rothen s'enflamme : un retour de Benzema en Bleu est-il impossible ?\u00a0\"\/>Le meilleur de Rothen s&#8217;enflamme : un retour de Benzema en Bleu est-il impossible ?\u00a0&#8220;L\u2019essentiel, c\u2019est d\u2019avoir un bon c\u0153ur&#8221;<\/p>\n<p>Et si l\u2019histoire d\u2019amour de l\u2019attaquant avec les Bleus a connu des hauts et des bas et a cristallis\u00e9 certaines tensions, il se refuse \u00e0 abandonner l\u2019espoir de participer \u00e0 la Coupe du monde 2026. Surtout, malgr\u00e9 les nombreuses rumeurs autour de sa personnalit\u00e9 ou de suppos\u00e9es brouilles, <a href=\"https:\/\/rmcsport.bfmtv.com\/football\/clubs\/olympique-lyon\/ol-le-message-tres-clair-de-jean-michel-aulas-a-karim-benzema_AV-202601110214.html\" title=\"OL: le message tr\u00e8s clair de Jean-Michel Aulas \u00e0 Karim Benzema\" class=\"internal_link\" rel=\"nofollow noopener\" target=\"_blank\">Karim Benzema<\/a> a expliqu\u00e9 comment il avait tenu bon dans la temp\u00eate.<\/p>\n<p>&#8220;De toute fa\u00e7on, dans la vie il y aura des choses comme \u00e7a. Il y aura toujours des litiges, des on-dit et des ou\u00ef-dire. L\u2019essentiel c\u2019est d\u2019avoir un bon c\u0153ur et de faire avec ce qu\u2019on a devant nous&#8221;, a encha\u00een\u00e9 le laur\u00e9at du Ballon d\u2019or 2022. &#8220;Il ne faut pas regarder \u00e0 droite et \u00e0 gauche et il faut avoir une ligne droite dans sa t\u00eate, une bonne ligne et beaucoup de respect envers tout le monde. Apr\u00e8s, je pense que tout brille pour l\u2019humain.&#8221;<\/p>\n<p>Benzema confirme avoir \u00e9t\u00e9 bless\u00e9 par les pol\u00e9miques<\/p>\n<p>Cibl\u00e9 par <a href=\"https:\/\/rmcsport.bfmtv.com\/football\/t-es-juste-un-figurant-dans-notre-monde-la-reponse-cinglante-de-karim-benzema-a-damien-rieu-pour-defendre-sa-femme-lyna-khoudri_AV-202511140336.html\" title=\"&quot;T&#039;es juste un figurant dans notre monde&quot;: la r\u00e9ponse cinglante de Karim Benzema \u00e0 Damien Rieu pour d\u00e9fendre sa femme Lyna Khoudri\" class=\"internal_link\" rel=\"nofollow noopener\" target=\"_blank\">l\u2019extr\u00eame droite<\/a> et m\u00eame par un membre du gouvernement, <a href=\"https:\/\/rmcsport.bfmtv.com\/societe\/lien-notoire-avec-les-freres-musulmans-la-plainte-de-karim-benzema-contre-gerald-darmanin-classee-sans-suite_AN-202402150576.html\" title=\"&quot;Lien notoire avec les Fr\u00e8res Musulmans&quot;: la plainte de Karim Benzema contre G\u00e9rald Darmanin class\u00e9e sans suite\" class=\"internal_link\" rel=\"nofollow noopener\" target=\"_blank\">G\u00e9rald Darmanin<\/a>, Karim Benzema a fait l\u2019objet de nombreuses sp\u00e9cultions. Au-del\u00e0 de son r\u00f4le dans <a href=\"https:\/\/rmcsport.bfmtv.com\/football\/equipe-de-france\/plus-de-contact-avec-benzema-la-fin-de-sa-carriere-en-equipe-de-france-les-verites-de-valbuena-sur-l-affaire-de-la-sextape_AV-202510090878.html\" title=\"Plus de contact avec Benzema, la fin de sa carri\u00e8re en \u00e9quipe de France... les v\u00e9rit\u00e9s de Valbuena sur l&#039;affaire de la &quot;sextape&quot;\" class=\"internal_link\" rel=\"nofollow noopener\" target=\"_blank\">l\u2019affaire de la sextape<\/a> de Mathieu Valbuena, on lui a ainsi reproch\u00e9 de ne pas chanter la Marseillaise ou de suppos\u00e9s liens avec les Fr\u00e8res musulmans.<\/p>\n<p>&#8220;Bien s\u00fbr que \u00e7a blesse parce qu\u2019on a sa maman, son papa, sa famille et les enfants. Donc c\u2019est compliqu\u00e9, c\u2019est un terrain tr\u00e8s compliqu\u00e9&#8221;, a encore gliss\u00e9 le buteur d\u2019<a href=\"https:\/\/rmcsport.bfmtv.com\/football\/transferts\/mercato-le-directeur-sportif-d-al-ittihad-lache-un-indice-sur-l-avenir-de-benzema_AV-202601100279.html\" title=\"Mercato: le directeur sportif d&#039;Al-Ittihad l\u00e2che un indice sur l&#039;avenir de Benzema\" class=\"internal_link\" rel=\"nofollow noopener\" target=\"_blank\">Al-Ittihad<\/a> sur les attaques politiques contre lui. &#8220;Mes proches et les personnes que je connais me connaissent tr\u00e8s bien et savent exactement comment je suis. Ma ligne de conduite c\u2019est la m\u00eame, j\u2019ai tout le temps \u00e9t\u00e9 respectueux envers tout le monde et \u00e7a va continuer.&#8221;<\/p>\n<p>Avant de conclure: &#8220;Le reste, je regarde devant moi et je prends bien soin de ma famille. Les mauvaises langues, \u00e7a ne va jamais changer. Mais \u00e7a c\u2019est depuis tout petit et \u00e7a m\u2019a aussi fait mon caract\u00e8re. C\u2019est comme \u00e7a, il faut se battre et ne rien l\u00e2cher.&#8221;<\/p>\n","protected":false},"excerpt":{"rendered":"Karim Benzema a lanc\u00e9 un beau message sur la multi-identit\u00e9 ce mardi. Refusant de faire une hi\u00e9rarchie entre&hellip;\n","protected":false},"author":2,"featured_media":22875,"comment_status":"","ping_status":"","sticky":false,"template":"","format":"standard","meta":{"footnotes":""},"categories":[254],"tags":[255],"class_list":{"0":"post-22874","1":"post","2":"type-post","3":"status-publish","4":"format-standard","5":"has-post-thumbnail","7":"category-algerie","8":"tag-algerie"},"share_on_mastodon":{"url":"","error":""},"_links":{"self":[{"href":"https:\/\/www.europesays.com\/africa\/wp-json\/wp\/v2\/posts\/22874","targetHints":{"allow":["GET"]}}],"collection":[{"href":"https:\/\/www.europesays.com\/africa\/wp-json\/wp\/v2\/posts"}],"about":[{"href":"https:\/\/www.europesays.com\/africa\/wp-json\/wp\/v2\/types\/post"}],"author":[{"embeddable":true,"href":"https:\/\/www.europesays.com\/africa\/wp-json\/wp\/v2\/users\/2"}],"replies":[{"embeddable":true,"href":"https:\/\/www.europesays.com\/africa\/wp-json\/wp\/v2\/comments?post=22874"}],"version-history":[{"count":0,"href":"https:\/\/www.europesays.com\/africa\/wp-json\/wp\/v2\/posts\/22874\/revisions"}],"wp:featuredmedia":[{"embeddable":true,"href":"https:\/\/www.europesays.com\/africa\/wp-json\/wp\/v2\/media\/22875"}],"wp:attachment":[{"href":"https:\/\/www.europesays.com\/africa\/wp-json\/wp\/v2\/media?parent=22874"}],"wp:term":[{"taxonomy":"category","embeddable":true,"href":"https:\/\/www.europesays.com\/africa\/wp-json\/wp\/v2\/categories?post=22874"},{"taxonomy":"post_tag","embeddable":true,"href":"https:\/\/www.europesays.com\/africa\/wp-json\/wp\/v2\/tags?post=22874"}],"curies":[{"name":"wp","href":"https:\/\/api.w.org\/{rel}","templated":true}]}}