{"id":22897,"date":"2026-01-14T12:59:07","date_gmt":"2026-01-14T12:59:07","guid":{"rendered":"https:\/\/www.europesays.com\/africa\/22897\/"},"modified":"2026-01-14T12:59:07","modified_gmt":"2026-01-14T12:59:07","slug":"on-a-tous-envie-dy-etre","status":"publish","type":"post","link":"https:\/\/www.europesays.com\/africa\/22897\/","title":{"rendered":"\u201cOn a tous envie d\u2019y \u00eatre !\u201d"},"content":{"rendered":"\n<p>Ahmed est install\u00e9 dans une brasserie parisienne. En ce 9\u00a0janvier, alors que le Maroc affronte le Cameroun en quart de finale, le consultant en strat\u00e9gie scrolle sur Instagram. Les vid\u00e9os de m\u00e9dias et d\u2019influenceurs, tourn\u00e9es au Maroc en marge de la Coupe d\u2019Afrique des nations (CAN) organis\u00e9e dans le royaume, d\u00e9filent sur son \u00e9cran.<\/p>\n<p>Une vid\u00e9o retient particuli\u00e8rement son attention. On y voit des supporteurs de diff\u00e9rentes nationalit\u00e9s, chacun avec le drapeau de son pays, marcher vers l\u2019un des stades de Rabat. \u201cC\u2019est vraiment dommage de ne pas pouvoir y \u00eatre, l\u2019ambiance a l\u2019air incroyable\u201d, soupire-t-il.<\/p>\n<p>En raison de contraintes professionnelles, ce jeune trentenaire franco-marocain n\u2019a pas pu se rendre au Maroc pendant la CAN. Sa frustration est d\u2019autant plus vive qu\u2019\u00e0 Paris la comp\u00e9tition revient dans toutes les discussions\u00a0: \u201cA chaque \u00e9dition, c\u2019est pareil. Je n\u2019ai jamais autant parl\u00e9 avec autant d\u2019Alg\u00e9riens, de Camerounais ou de S\u00e9n\u00e9galais que pendant les CAN \u00e0 Paris. Mais cette fois-ci, c\u2019est particulier, car c\u2019est mon pays qui l\u2019organise. Si jamais on est qualifi\u00e9s en demi-finale, j\u2019irai peut-\u00eatre. \u00c7a fait plus de vingt ans qu\u2019on attend cela, je n\u2019aimerais pas le manquer.\u201d<\/p>\n<p> \u201cLe r\u00e9c\u00e9piss\u00e9 n\u2019est jamais arriv\u00e9\u201d <\/p>\n<p>En attendant, son fr\u00e8re Hamza suit lui aussi le parcours des Lions <\/p>\n","protected":false},"excerpt":{"rendered":"Ahmed est install\u00e9 dans une brasserie parisienne. En ce 9\u00a0janvier, alors que le Maroc affronte le Cameroun en&hellip;\n","protected":false},"author":2,"featured_media":22898,"comment_status":"","ping_status":"","sticky":false,"template":"","format":"standard","meta":{"footnotes":""},"categories":[62],"tags":[64,5341,311,658,158,2687],"class_list":{"0":"post-22897","1":"post","2":"type-post","3":"status-publish","4":"format-standard","5":"has-post-thumbnail","7":"category-afrique","8":"tag-afrique","9":"tag-coupe-du2019afrique-des-nations-can","10":"tag-football","11":"tag-france","12":"tag-maroc","13":"tag-sociu00e9tu00e9"},"share_on_mastodon":{"url":"","error":""},"_links":{"self":[{"href":"https:\/\/www.europesays.com\/africa\/wp-json\/wp\/v2\/posts\/22897","targetHints":{"allow":["GET"]}}],"collection":[{"href":"https:\/\/www.europesays.com\/africa\/wp-json\/wp\/v2\/posts"}],"about":[{"href":"https:\/\/www.europesays.com\/africa\/wp-json\/wp\/v2\/types\/post"}],"author":[{"embeddable":true,"href":"https:\/\/www.europesays.com\/africa\/wp-json\/wp\/v2\/users\/2"}],"replies":[{"embeddable":true,"href":"https:\/\/www.europesays.com\/africa\/wp-json\/wp\/v2\/comments?post=22897"}],"version-history":[{"count":0,"href":"https:\/\/www.europesays.com\/africa\/wp-json\/wp\/v2\/posts\/22897\/revisions"}],"wp:featuredmedia":[{"embeddable":true,"href":"https:\/\/www.europesays.com\/africa\/wp-json\/wp\/v2\/media\/22898"}],"wp:attachment":[{"href":"https:\/\/www.europesays.com\/africa\/wp-json\/wp\/v2\/media?parent=22897"}],"wp:term":[{"taxonomy":"category","embeddable":true,"href":"https:\/\/www.europesays.com\/africa\/wp-json\/wp\/v2\/categories?post=22897"},{"taxonomy":"post_tag","embeddable":true,"href":"https:\/\/www.europesays.com\/africa\/wp-json\/wp\/v2\/tags?post=22897"}],"curies":[{"name":"wp","href":"https:\/\/api.w.org\/{rel}","templated":true}]}}