{"id":22901,"date":"2026-01-14T13:01:07","date_gmt":"2026-01-14T13:01:07","guid":{"rendered":"https:\/\/www.europesays.com\/africa\/22901\/"},"modified":"2026-01-14T13:01:07","modified_gmt":"2026-01-14T13:01:07","slug":"can-2025-furieux-il-dechire-des-billets-de-banque-marocains-pourquoi-un-supporter-de-lalgerie-risque-la-prison-pour-son-geste","status":"publish","type":"post","link":"https:\/\/www.europesays.com\/africa\/22901\/","title":{"rendered":"CAN 2025\u00a0: furieux, il d\u00e9chire des billets de banque marocains, pourquoi un supporter de l\u2019Alg\u00e9rie risque la prison pour son geste"},"content":{"rendered":"<p>\n                                                                    l&#8217;essentiel<br \/>\n                                                                Interpell\u00e9 \u00e0 l\u2019a\u00e9roport de Casablanca, un supporter des Fennecs risque la prison pour avoir d\u00e9chir\u00e9 des billets marocains \u00e0 l\u2019issue lors du quart de finale entre l\u2019Alg\u00e9rie et le Nigeria, un acte qui a suscit\u00e9 l\u2019indignation dans le royaume.\n                            <\/p>\n<p>Un supporter des Fennecs d\u2019origine britannique a \u00e9t\u00e9 arr\u00eat\u00e9 par les autorit\u00e9s \u00e0 l\u2019a\u00e9roport Mohammed V de Casablanca, quelques jours apr\u00e8s la d\u00e9faite de l\u2019\u00e9quipe d\u2019Alg\u00e9rie, alors qu\u2019il s\u2019appr\u00eatait \u00e0 rejoindre son lieu de r\u00e9sidence.<\/p>\n<p lang=\"ar\" dir=\"rtl\">\\ud83d\\udea8\u0627\u0644\u0639\u0628\u062b \u0644\u064a\u0633 \u062a\u0634\u062c\u064a\u0639\u0627\u064b \u0631\u064a\u0627\u0636\u064a\u0627\u064b\\u274c<\/p>\n<p>\u062a\u0645\u0632\u064a\u0642 \u0627\u0644\u0639\u0645\u0644\u0629 \u0627\u0644\u0648\u0637\u0646\u064a\u0629 \u0625\u0647\u0627\u0646\u0629 \u0635\u0631\u064a\u062d\u0629 \u0644\u062f\u0648\u0644\u0629 \u0648\u0634\u0639\u0628\u060c \u0648\u0627\u0644\u0631\u062f \u0643\u0627\u0646 \u062d\u0627\u0632\u0645\u0627\u064b: \u062a\u0648\u0642\u064a\u0641 \u0641\u0648\u0631\u064a \u0648\u062a\u0637\u0628\u064a\u0642 \u0635\u0627\u0631\u0645 \u0644\u0644\u0642\u0627\u0646\u0648\u0646.<\/p>\n<p>\u0627\u0644\u0645\u063a\u0631\u0628 \u062f\u0648\u0644\u0629 \u0645\u0624\u0633\u0633\u0627\u062a\u2026 \u0648\u0645\u0646 \u064a\u062e\u0637\u0626 \u064a\u064f\u062d\u0627\u0633\u064e\u0628 \u0645\u0647\u0645\u0627 \u0643\u0627\u0646\u062a \u062c\u0646\u0633\u064a\u062a\u0647. \\ud83c\\uddf2\\ud83c\\udde6\\u270b<\/p>\n<p>&#8220;\u0623\u0648\u0642\u0641\u062a \u0627\u0644\u0645\u0635\u0627\u0644\u062d \u0627\u0644\u0623\u0645\u0646\u064a\u0629 \u0628\u0645\u0637\u0627\u0631 \u0627\u0644\u062f\u0627\u0631 \u0627\u0644\u0628\u064a\u0636\u0627\u0621 \u0645\u0634\u062c\u0639\u0627 \u062c\u0632\u0627\u0626\u0631\u064a\u0627\u060c \u0639\u0642\u0628 \u0638\u0647\u0648\u0631\u0647 \u0631\u0641\u0642\u0629 \u0645\u0634\u062c\u0639\u064a\u0646 \u062c\u0632\u0627\u0626\u0631\u064a\u064a\u0646\u2026 <a href=\"https:\/\/t.co\/Gxcpu4j0HU\" rel=\"nofollow\">pic.twitter.com\/Gxcpu4j0HU<\/a><\/p>\n<p>\u2014 \u0645\u0635\u0637\u0641\u0649 \u0627\u0644\u0639\u0644\u0645\u064a\\ud83c\\uddf2\\ud83c\\udde6 (@alamimustapha00) <a href=\"https:\/\/twitter.com\/alamimustapha00\/status\/2010690986381336724?ref_src=twsrc%5Etfw\" rel=\"nofollow noopener\" target=\"_blank\">January 12, 2026<\/a><\/p>\n<p>L\u2019homme\u00a0est accus\u00e9 d\u2019avoir d\u00e9truit volontairement de la monnaie nationale marocaine lors du quart de finale de la Coupe d\u2019Afrique des Nations (CAN) opposant l\u2019Alg\u00e9rie au Nigeria au Grand Stade de Marrakech. La s\u00e9quence, largement diffus\u00e9e sur les r\u00e9seaux sociaux, montre le suspect\u00a0d\u00e9chirant des billets de banque pour d\u00e9noncer une suppos\u00e9e corruption du corps arbitral apr\u00e8s la d\u00e9faite de son \u00e9quipe (2-0).<\/p>\n<p class=\"std-elt__inline\">\n        \u00c0 lire aussi :<br \/>\n        <a href=\"https:\/\/www.ladepeche.fr\/2026\/01\/13\/la-deception-est-immense-lemotion-de-luca-zidane-apres-lelimination-de-lalgerie-lors-de-la-can-2025-13159744.php\" rel=\"nofollow noopener\" target=\"_blank\">&#8220;La d\u00e9ception est immense&#8221;\u00a0: l\u2019\u00e9motion de Luca Zidane apr\u00e8s l\u2019\u00e9limination de l\u2019Alg\u00e9rie lors de la CAN 2025<\/a>\n    <\/p>\n<p>Une atteinte aux symboles de l\u2019\u00c9tat<\/p>\n<p>Selon le m\u00e9dia local<a href=\"https:\/\/lematin.ma\/nation\/billets-de-banque-dechires-au-stade-indignation-et-reaction-des-autorites\/324034#google_vignette\" target=\"_self\" rel=\"nofollow noopener\"> &#8220;Le Matin&#8221;<\/a>, l\u2019individu\u00a0a reconnu les faits durant l\u2019enqu\u00eate pr\u00e9liminaire. Le geste a provoqu\u00e9 une vive indignation parmi les internautes marocains, en raison du symbole que repr\u00e9sente\u00a0la monnaie dans le royaume, incarnation de\u00a0la souverainet\u00e9 nationale et de l\u2019ordre juridique. La d\u00e9truire publiquement revient \u00e0 adresser un message de d\u00e9fi aux symboles de l\u2019\u00c9tat. Un internaute a d\u2019ailleurs comment\u00e9\u00a0: &#8220;Ce n\u2019est pas du football, c\u2019est une provocation gratuite&#8221;. Un autre t\u00e9moigne de son amertume\u00a0: &#8220;D\u00e9chirer notre monnaie dans notre pays, ce n\u2019est pas du supporterisme, c\u2019est un affront\u00a0!&#8221;.<\/p>\n<p class=\"std-elt__inline\">\n        \u00c0 lire aussi :<br \/>\n        <a href=\"https:\/\/www.ladepeche.fr\/2026\/01\/12\/video-luca-zidane-implique-dans-une-bagarre-une-enquete-ouverte-apres-algerie-nigeria-a-la-can-2025-13157719.php\" rel=\"nofollow noopener\" target=\"_blank\">VIDEO. Luca Zidane impliqu\u00e9 dans une bagarre\u00a0: une enqu\u00eate ouverte apr\u00e8s Alg\u00e9rie-Nigeria \u00e0 la CAN 2025<\/a>\n    <\/p>\n<p>Des poursuites p\u00e9nales engag\u00e9es<\/p>\n<p>D\u2019apr\u00e8s des sources s\u00e9curitaires, le supporter a \u00e9t\u00e9 transf\u00e9r\u00e9 aux services de police de Marrakech. Il a \u00e9t\u00e9 plac\u00e9 en garde \u00e0 vue sous la direction du procureur pr\u00e8s la Cour d\u2019appel de Marrakech. La l\u00e9gislation du Maroc d\u00e9finit la destruction intentionnelle du dirham comme un acte criminel pour lequel le supporter des Fennecs encourt une peine de prison.<\/p>\n<p>                                                                                                                                                                                                        <script async src=\"https:\/\/platform.twitter.com\/widgets.js\" charset=\"utf-8\"><\/script><\/p>\n","protected":false},"excerpt":{"rendered":"l&#8217;essentiel Interpell\u00e9 \u00e0 l\u2019a\u00e9roport de Casablanca, un supporter des Fennecs risque la prison pour avoir d\u00e9chir\u00e9 des billets&hellip;\n","protected":false},"author":2,"featured_media":22902,"comment_status":"","ping_status":"","sticky":false,"template":"","format":"standard","meta":{"footnotes":""},"categories":[254],"tags":[255,311,310],"class_list":{"0":"post-22901","1":"post","2":"type-post","3":"status-publish","4":"format-standard","5":"has-post-thumbnail","7":"category-algerie","8":"tag-algerie","9":"tag-football","10":"tag-sport"},"share_on_mastodon":{"url":"","error":""},"_links":{"self":[{"href":"https:\/\/www.europesays.com\/africa\/wp-json\/wp\/v2\/posts\/22901","targetHints":{"allow":["GET"]}}],"collection":[{"href":"https:\/\/www.europesays.com\/africa\/wp-json\/wp\/v2\/posts"}],"about":[{"href":"https:\/\/www.europesays.com\/africa\/wp-json\/wp\/v2\/types\/post"}],"author":[{"embeddable":true,"href":"https:\/\/www.europesays.com\/africa\/wp-json\/wp\/v2\/users\/2"}],"replies":[{"embeddable":true,"href":"https:\/\/www.europesays.com\/africa\/wp-json\/wp\/v2\/comments?post=22901"}],"version-history":[{"count":0,"href":"https:\/\/www.europesays.com\/africa\/wp-json\/wp\/v2\/posts\/22901\/revisions"}],"wp:featuredmedia":[{"embeddable":true,"href":"https:\/\/www.europesays.com\/africa\/wp-json\/wp\/v2\/media\/22902"}],"wp:attachment":[{"href":"https:\/\/www.europesays.com\/africa\/wp-json\/wp\/v2\/media?parent=22901"}],"wp:term":[{"taxonomy":"category","embeddable":true,"href":"https:\/\/www.europesays.com\/africa\/wp-json\/wp\/v2\/categories?post=22901"},{"taxonomy":"post_tag","embeddable":true,"href":"https:\/\/www.europesays.com\/africa\/wp-json\/wp\/v2\/tags?post=22901"}],"curies":[{"name":"wp","href":"https:\/\/api.w.org\/{rel}","templated":true}]}}