{"id":22903,"date":"2026-01-14T13:02:06","date_gmt":"2026-01-14T13:02:06","guid":{"rendered":"https:\/\/www.europesays.com\/africa\/22903\/"},"modified":"2026-01-14T13:02:06","modified_gmt":"2026-01-14T13:02:06","slug":"parler-de-bachir-kounta-est-sans-doute-un-exercice-perilleux-ndiaga-kone","status":"publish","type":"post","link":"https:\/\/www.europesays.com\/africa\/22903\/","title":{"rendered":"&#8220;Parler de Bachir KOUNTA est sans doute un exercice p\u00e9rilleux&#8221;, Ndiaga Kon\u00e9"},"content":{"rendered":"<p class=\"firstp\">Chaque peuple, chaque nation, chaque communaut\u00e9, \u00e0 un moment donn\u00e9 de son histoire, a besoin de s\u2019identifier \u00e0 un mythe, \u00e0 un rythme ou \u00e0 une personne.<\/p>\n<p>Mouhyidine Ahmad Bachir KOUNTA en \u00e9tait un.<br \/>Bachir KOUNTA repr\u00e9sente un h\u00e9ritage intellectuel et spirituel qui continue d\u2019inspirer.\n<\/p>\n<p>Parler de Bachir <a href=\"https:\/\/www.senenews.com\/senenews-people\/video-senenews-people\/ndiassane-le-discours-tres-fort-de-serigne-abdourahmane-kounta-devant-antoine-felix-diome-video_445013.html\" rel=\"nofollow noopener\" target=\"_blank\">KOUNTA<\/a> est sans doute un exercice p\u00e9rilleux, car brutalement arrach\u00e9 \u00e0 l\u2019affection des S\u00e9n\u00e9galais le 17 janvier 2019. L\u2019homme \u00e9tait complexe, cultiv\u00e9 et d\u2019une envergure intellectuelle inestimable. Et puis, ce devoir de m\u00e9moire qu\u2019on lui doit l\u00e9gitimement, il s\u2019y est pli\u00e9 tant et tant de fois pour que l\u2019amn\u00e9sie ne triomphe pas.\n<\/p>\n<p>Bachir, litt\u00e9ralement attach\u00e9 \u00e0 ses familles tant professionnelle que religieuse, puisait sa source et sa foi dans la lumi\u00e8re de Cheikh Bou Mouhamed KOUNTA.<br \/>Fils de Mame Sidy Aly, Bachir savait apaiser les c\u0153urs par des ch\u0153urs, les maux par des mots dont on devinait le sens et la justesse, m\u00eame si on ne les avait jamais entendus auparavant.\n<\/p>\n<p>Bachir avait un immense talent, m\u00eame sans jamais acc\u00e9der \u00e0 l\u2019universit\u00e9, pour l\u2019\u00e9criture, et il \u00e9tait tr\u00e8s difficile de le prendre en d\u00e9faut dans le maniement de la langue fran\u00e7aise, si compliqu\u00e9e \u00e0 bien des \u00e9gards.\n<\/p>\n<p>Son wolof de Naar-Naar, qu\u2019il \u00e9tait, avait une saveur particuli\u00e8re et une r\u00e9sonance typique. Bachir avait avant tout un int\u00e9r\u00eat pour les sciences religieuses, qu\u2019il compl\u00e9tait par la philosophie, l\u2019histoire, la g\u00e9opolitique ou le sport.<br \/>Bachir, h\u00e9ritage de foi et de sagesse, guide pour les g\u00e9n\u00e9rations.\n<\/p>\n<p>Et lorsqu\u2019il se mettait \u00e0 parler de l\u2019histoire politique ou de l\u2019\u00e9lu des hommes, son homonyme le proph\u00e8te Mouhamed (PSL), c\u2019\u00e9tait un merveilleux livre ouvert, ponctu\u00e9 de mille anecdotes. Ce n\u2019est pas la mati\u00e8re qui lui aurait manqu\u00e9 pour r\u00e9diger un m\u00e9moire apr\u00e8s une telle exp\u00e9rience.\n<\/p>\n<p>Ce S\u00e9n\u00e9gal, dont il ne comptait que des fils, petits-fils et neveux, est orphelin d\u2019un doyen qui a su faire tomber les barri\u00e8res interg\u00e9n\u00e9rationnelles.<\/p>\n<p>Bachir, l\u2019homme de la lign\u00e9e du proph\u00e8te Mouhamed, neveu d\u2019Elimane Bocar KANE de Dimat, d\u00e9fenseur et vivificateur de l\u2019islam, comme en attestait Serigne Abdoul Ahad Mback\u00e9, s\u2019en est all\u00e9. Mais pour longtemps encore, son souvenir restera vivace, telle la lumi\u00e8re d\u2019une \u00e9toile d\u00e9j\u00e0 morte, dont la clart\u00e9 r\u00e9siduelle continue d\u2019illuminer les paroles des uns et des autres, ainsi que les myst\u00e9rieux cieux de Dieu.<\/p>\n","protected":false},"excerpt":{"rendered":"Chaque peuple, chaque nation, chaque communaut\u00e9, \u00e0 un moment donn\u00e9 de son histoire, a besoin de s\u2019identifier \u00e0&hellip;\n","protected":false},"author":2,"featured_media":22904,"comment_status":"","ping_status":"","sticky":false,"template":"","format":"standard","meta":{"footnotes":""},"categories":[48],"tags":[14135,14136,14138,14137,159,163,239],"class_list":{"0":"post-22903","1":"post","2":"type-post","3":"status-publish","4":"format-standard","5":"has-post-thumbnail","7":"category-senegal","8":"tag-anniversaire","9":"tag-bachir-kounta","10":"tag-contributions","11":"tag-famille","12":"tag-senegal","13":"tag-senegal-actualites","14":"tag-societe"},"share_on_mastodon":{"url":"","error":""},"_links":{"self":[{"href":"https:\/\/www.europesays.com\/africa\/wp-json\/wp\/v2\/posts\/22903","targetHints":{"allow":["GET"]}}],"collection":[{"href":"https:\/\/www.europesays.com\/africa\/wp-json\/wp\/v2\/posts"}],"about":[{"href":"https:\/\/www.europesays.com\/africa\/wp-json\/wp\/v2\/types\/post"}],"author":[{"embeddable":true,"href":"https:\/\/www.europesays.com\/africa\/wp-json\/wp\/v2\/users\/2"}],"replies":[{"embeddable":true,"href":"https:\/\/www.europesays.com\/africa\/wp-json\/wp\/v2\/comments?post=22903"}],"version-history":[{"count":0,"href":"https:\/\/www.europesays.com\/africa\/wp-json\/wp\/v2\/posts\/22903\/revisions"}],"wp:featuredmedia":[{"embeddable":true,"href":"https:\/\/www.europesays.com\/africa\/wp-json\/wp\/v2\/media\/22904"}],"wp:attachment":[{"href":"https:\/\/www.europesays.com\/africa\/wp-json\/wp\/v2\/media?parent=22903"}],"wp:term":[{"taxonomy":"category","embeddable":true,"href":"https:\/\/www.europesays.com\/africa\/wp-json\/wp\/v2\/categories?post=22903"},{"taxonomy":"post_tag","embeddable":true,"href":"https:\/\/www.europesays.com\/africa\/wp-json\/wp\/v2\/tags?post=22903"}],"curies":[{"name":"wp","href":"https:\/\/api.w.org\/{rel}","templated":true}]}}