{"id":22928,"date":"2026-01-14T13:19:10","date_gmt":"2026-01-14T13:19:10","guid":{"rendered":"https:\/\/www.europesays.com\/africa\/22928\/"},"modified":"2026-01-14T13:19:10","modified_gmt":"2026-01-14T13:19:10","slug":"football-manager-predit-les-demi-finales-de-la-can-2025","status":"publish","type":"post","link":"https:\/\/www.europesays.com\/africa\/22928\/","title":{"rendered":"Football Manager pr\u00e9dit les demi-finales de la CAN 2025"},"content":{"rendered":"<p class=\"tagStyle_z4kqwb-o_O-style_1tcxgp3-o_O-style_1pinbx1-o_O-style_48hmcm\" data-mm-id=\"_0ckslv9ow\">Football Manager 2026 a pr\u00e9dit les vainqueurs des deux demi-finales de la CAN 2025. L&#8217;affiche de la finale s&#8217;annonce relev\u00e9e avec une grosse surprise annonc\u00e9e par le jeu-vid\u00e9o de simulation de football.<\/p>\n<p class=\"tagStyle_z4kqwb-o_O-style_1tcxgp3-o_O-style_1pinbx1-o_O-style_48hmcm\" data-mm-id=\"_ihleiffdp\">Quelles nations disputeront la finale de la <a class=\"tagStyle_z4kqwb-o_O-style_10eod42\" href=\"https:\/\/www.90min.com\/fr\/categories\/CAN-2024\" target=\"_blank\" rel=\"nofollow noopener\">CAN 2025<\/a> ? Les affiches des deux demi-finales font r\u00eaver. Dans un premier temps, l&#8217;Egypte d\u00e9fiera le S\u00e9n\u00e9gal. Deux favoris au sacre ont r\u00e9ussi \u00e0 se glisser jusque dans le dernier carr\u00e9. Sadio Man\u00e9 retrouvera son ancien co\u00e9quipier en s\u00e9lection Mohamed Salah. Le duel s&#8217;annonce \u00e9quilibr\u00e9 sur le papier mais aussi sur Football Manager 2026.<\/p>\n<p>A l&#8217;oppos\u00e9, le Maroc, \u00e0 domicile devant son public, confrontera l&#8217;impressionnant Nigeria. Les Super Eagles ont battu avec une facilit\u00e9 d\u00e9concertante l&#8217;Alg\u00e9rie en quarts de finale (0-2). Achrad Hakimi et Brahim Diaz auront \u00e0 coeur de tout donner pour battre des Nigerians port\u00e9s par un duo Ademola Lookman &#8211; Victor Osimhen.<\/p>\n<p>Sur Football Manager 2026, la tendance est claire lors de nos 100 simulations. Le S\u00e9n\u00e9gal bat majoritairement l&#8217;Egypte dans nos parties. A l&#8217;oppos\u00e9, le Nigeria prend r\u00e9guli\u00e8rement l&#8217;avantage malgr\u00e9 la pr\u00e9sence du public marocain. L&#8217;affiche de la finale pronostiqu\u00e9e par FM26 serait donc Nigeria &#8211; S\u00e9n\u00e9gal.<\/p>\n<p class=\"tagStyle_z4kqwb-o_O-style_1tcxgp3-o_O-style_1pinbx1-o_O-style_1njobzg\" data-mm-id=\"_inl421wlf\">Qualification du S\u00e9n\u00e9gal<\/p>\n<p class=\"tagStyle_z4kqwb-o_O-style_1tcxgp3-o_O-style_1pinbx1-o_O-style_1njobzg\" data-mm-id=\"_inl421wlf\">Qualification de l&#8217;Egypte<\/p>\n<p class=\"tagStyle_z4kqwb-o_O-style_1tcxgp3-o_O-style_1pinbx1-o_O-style_1njobzg\" data-mm-id=\"_inl421wlf\">66<\/p>\n<p class=\"tagStyle_z4kqwb-o_O-style_1tcxgp3-o_O-style_1pinbx1-o_O-style_1njobzg\" data-mm-id=\"_inl421wlf\">34<\/p>\n<p class=\"tagStyle_z4kqwb-o_O-style_1tcxgp3-o_O-style_1pinbx1-o_O-style_1njobzg\" data-mm-id=\"_4avxwdxmm\">Qualification du Nigeria<\/p>\n<p class=\"tagStyle_z4kqwb-o_O-style_1tcxgp3-o_O-style_1pinbx1-o_O-style_1njobzg\" data-mm-id=\"_4avxwdxmm\">Qualification du Maroc<\/p>\n<p class=\"tagStyle_z4kqwb-o_O-style_1tcxgp3-o_O-style_1pinbx1-o_O-style_1njobzg\" data-mm-id=\"_4avxwdxmm\">58<\/p>\n<p class=\"tagStyle_z4kqwb-o_O-style_1tcxgp3-o_O-style_1pinbx1-o_O-style_1njobzg\" data-mm-id=\"_4avxwdxmm\">42<\/p>\n<p class=\"tagStyle_z4kqwb-o_O-style_1tcxgp3-o_O-style_1pinbx1-o_O-style_48hmcm\" data-mm-id=\"_c1nygohaj\">RETROUVEZ LES DERNI\u00c8RES ACTUS AUTOUR DE LA COUPE D&#8217;AFRIQUE DES NATIONS 2025<\/p>\n","protected":false},"excerpt":{"rendered":"Football Manager 2026 a pr\u00e9dit les vainqueurs des deux demi-finales de la CAN 2025. L&#8217;affiche de la finale&hellip;\n","protected":false},"author":2,"featured_media":22929,"comment_status":"","ping_status":"","sticky":false,"template":"","format":"standard","meta":{"footnotes":""},"categories":[48],"tags":[159],"class_list":{"0":"post-22928","1":"post","2":"type-post","3":"status-publish","4":"format-standard","5":"has-post-thumbnail","7":"category-senegal","8":"tag-senegal"},"share_on_mastodon":{"url":"","error":""},"_links":{"self":[{"href":"https:\/\/www.europesays.com\/africa\/wp-json\/wp\/v2\/posts\/22928","targetHints":{"allow":["GET"]}}],"collection":[{"href":"https:\/\/www.europesays.com\/africa\/wp-json\/wp\/v2\/posts"}],"about":[{"href":"https:\/\/www.europesays.com\/africa\/wp-json\/wp\/v2\/types\/post"}],"author":[{"embeddable":true,"href":"https:\/\/www.europesays.com\/africa\/wp-json\/wp\/v2\/users\/2"}],"replies":[{"embeddable":true,"href":"https:\/\/www.europesays.com\/africa\/wp-json\/wp\/v2\/comments?post=22928"}],"version-history":[{"count":0,"href":"https:\/\/www.europesays.com\/africa\/wp-json\/wp\/v2\/posts\/22928\/revisions"}],"wp:featuredmedia":[{"embeddable":true,"href":"https:\/\/www.europesays.com\/africa\/wp-json\/wp\/v2\/media\/22929"}],"wp:attachment":[{"href":"https:\/\/www.europesays.com\/africa\/wp-json\/wp\/v2\/media?parent=22928"}],"wp:term":[{"taxonomy":"category","embeddable":true,"href":"https:\/\/www.europesays.com\/africa\/wp-json\/wp\/v2\/categories?post=22928"},{"taxonomy":"post_tag","embeddable":true,"href":"https:\/\/www.europesays.com\/africa\/wp-json\/wp\/v2\/tags?post=22928"}],"curies":[{"name":"wp","href":"https:\/\/api.w.org\/{rel}","templated":true}]}}