{"id":22930,"date":"2026-01-14T13:20:08","date_gmt":"2026-01-14T13:20:08","guid":{"rendered":"https:\/\/www.europesays.com\/africa\/22930\/"},"modified":"2026-01-14T13:20:08","modified_gmt":"2026-01-14T13:20:08","slug":"le-maroc-mise-sur-lia-pour-generer-11-milliards-de-pib-additionnel-dici-2030","status":"publish","type":"post","link":"https:\/\/www.europesays.com\/africa\/22930\/","title":{"rendered":"Le Maroc mise sur l\u2019IA pour g\u00e9n\u00e9rer 11 milliards $ de PIB additionnel d\u2019ici 2030"},"content":{"rendered":"<p style=\"text-align: justify;\">L\u2019intelligence artificielle (IA) s\u2019impose comme un catalyseur de croissance en Afrique, transformant entreprises, services publics et infrastructures num\u00e9riques. Le Maroc entend capitaliser sur cette r\u00e9volution technologique pour stimuler son d\u00e9veloppement et renforcer sa souverainet\u00e9 num\u00e9rique.<\/p>\n<p class=\"texte\" style=\"text-align: justify;\">Le Maroc place l\u2019intelligence artificielle au c\u0153ur de sa strat\u00e9gie de transformation \u00e9conomique. \u00c0 l\u2019horizon 2030, le royaume ambitionne de g\u00e9n\u00e9rer 100 milliards de dirhams de PIB, soit environ 11 milliards $, gr\u00e2ce au d\u00e9ploiement structur\u00e9 de l\u2019IA. Cette dynamique pourrait \u00e9galement conduire \u00e0 la cr\u00e9ation de 50\u202f000 emplois et \u00e0 la formation de 200\u202f000 dipl\u00f4m\u00e9s aux comp\u00e9tences li\u00e9es \u00e0 l\u2019intelligence artificielle, selon les projections officielles.<\/p>\n<p class=\"texte\" style=\"text-align: justify;\">Ces objectifs ont \u00e9t\u00e9 d\u00e9voil\u00e9s le lundi 12 janvier \u00e0 Rabat par Amal El Fallah Seghrouchni (photo), ministre d\u00e9l\u00e9gu\u00e9e charg\u00e9e de la Transition num\u00e9rique et de la R\u00e9forme de l\u2019administration, lors d\u2019une conf\u00e9rence consacr\u00e9e au num\u00e9rique. La ministre a rappel\u00e9 que le PIB actuel du Maroc avoisine 170 milliards $, soulignant que l\u2019IA repr\u00e9sente un levier majeur de croissance, \u00e0 condition d\u2019\u00eatre int\u00e9gr\u00e9e dans un cadre structur\u00e9, souverain et orient\u00e9 vers l\u2019impact.<\/p>\n<p class=\"texte\" style=\"text-align: justify;\">Ces annonces s\u2019inscrivent dans le cadre de la future strat\u00e9gie nationale de l\u2019intelligence artificielle, dont la feuille de route doit \u00eatre prochainement d\u00e9voil\u00e9e. Celle\u2011ci repose sur plusieurs piliers cl\u00e9s : le renforcement des comp\u00e9tences, le d\u00e9veloppement d\u2019infrastructures num\u00e9riques souveraines, et l\u2019essor des services cloud et de traitement de donn\u00e9es capables de soutenir des usages avanc\u00e9s de l\u2019IA \u00e0 l\u2019\u00e9chelle nationale.<\/p>\n<p class=\"texte\" style=\"text-align: justify;\">Pour concr\u00e9tiser cette ambition et structurer l\u2019\u00e9cosyst\u00e8me national, le Maroc a \u00e9galement annonc\u00e9 le lancement du r\u00e9seau Jazari Root, un c\u0153ur f\u00e9d\u00e9rateur de l\u2019\u00e9cosyst\u00e8me national d\u2019intelligence artificielle. Avec un campus de 20 hectares et un data center souverain de 50 MW, Jazari Root vise \u00e0 r\u00e9unir chercheurs, start\u2011up, grandes entreprises et institutions publiques autour de projets concrets, allant de l\u2019e\u2011gouvernement \u00e0 la gestion des villes intelligentes, en passant par l\u2019agriculture, la sant\u00e9 ou la logistique.<\/p>\n<p class=\"texte\" style=\"text-align: justify;\">En structurant d\u00e8s \u00e0 pr\u00e9sent ses investissements et son \u00e9cosyst\u00e8me, le royaume entend se positionner comme un acteur cr\u00e9dible de l\u2019intelligence artificielle \u00e0 l\u2019\u00e9chelle r\u00e9gionale et africaine, afin de capter une part de la valeur que l\u2019IA pourrait g\u00e9n\u00e9rer dans l\u2019\u00e9conomie mondiale, estim\u00e9e \u00e0 pr\u00e8s de 15\u202f700 milliards $ d\u2019ici 2030 selon PwC.<\/p>\n<p class=\"texte\" style=\"text-align: justify;\">Samira Njoya<\/p>\n<p class=\"texte\" style=\"text-align: justify;\">Edit\u00e9 par S\u00e8na D. B. de Sodji<\/p>\n<p class=\"texte\" style=\"text-align: justify;\">Lire aussi:<\/p>\n<p class=\"texte\" style=\"text-align: justify;\"><a href=\"https:\/\/www.wearetech.africa\/fr\/fils\/actualites\/tech\/intelligence-artificielle-le-maroc-trace-sa-feuille-de-route-jusqu-en-2030\" rel=\"nofollow noopener\" target=\"_blank\">Intelligence Artificielle: le Maroc trace sa feuille de route jusqu\u2019en 2030<\/a><\/p>\n","protected":false},"excerpt":{"rendered":"L\u2019intelligence artificielle (IA) s\u2019impose comme un catalyseur de croissance en Afrique, transformant entreprises, services publics et infrastructures num\u00e9riques.&hellip;\n","protected":false},"author":2,"featured_media":22931,"comment_status":"","ping_status":"","sticky":false,"template":"","format":"standard","meta":{"footnotes":""},"categories":[41],"tags":[14144,14147,3661,12182,14145,158,14146,1572],"class_list":{"0":"post-22930","1":"post","2":"type-post","3":"status-publish","4":"format-standard","5":"has-post-thumbnail","7":"category-maroc","8":"tag-artificielle","9":"tag-dans","10":"tag-des","11":"tag-lia","12":"tag-lintelligence","13":"tag-maroc","14":"tag-milliards","15":"tag-numerique"},"share_on_mastodon":{"url":"","error":""},"_links":{"self":[{"href":"https:\/\/www.europesays.com\/africa\/wp-json\/wp\/v2\/posts\/22930","targetHints":{"allow":["GET"]}}],"collection":[{"href":"https:\/\/www.europesays.com\/africa\/wp-json\/wp\/v2\/posts"}],"about":[{"href":"https:\/\/www.europesays.com\/africa\/wp-json\/wp\/v2\/types\/post"}],"author":[{"embeddable":true,"href":"https:\/\/www.europesays.com\/africa\/wp-json\/wp\/v2\/users\/2"}],"replies":[{"embeddable":true,"href":"https:\/\/www.europesays.com\/africa\/wp-json\/wp\/v2\/comments?post=22930"}],"version-history":[{"count":0,"href":"https:\/\/www.europesays.com\/africa\/wp-json\/wp\/v2\/posts\/22930\/revisions"}],"wp:featuredmedia":[{"embeddable":true,"href":"https:\/\/www.europesays.com\/africa\/wp-json\/wp\/v2\/media\/22931"}],"wp:attachment":[{"href":"https:\/\/www.europesays.com\/africa\/wp-json\/wp\/v2\/media?parent=22930"}],"wp:term":[{"taxonomy":"category","embeddable":true,"href":"https:\/\/www.europesays.com\/africa\/wp-json\/wp\/v2\/categories?post=22930"},{"taxonomy":"post_tag","embeddable":true,"href":"https:\/\/www.europesays.com\/africa\/wp-json\/wp\/v2\/tags?post=22930"}],"curies":[{"name":"wp","href":"https:\/\/api.w.org\/{rel}","templated":true}]}}