{"id":22976,"date":"2026-01-14T13:46:07","date_gmt":"2026-01-14T13:46:07","guid":{"rendered":"https:\/\/www.europesays.com\/africa\/22976\/"},"modified":"2026-01-14T13:46:07","modified_gmt":"2026-01-14T13:46:07","slug":"le-troisieme-airbus-a330neo-attendu-ce-mercredi-a-alger","status":"publish","type":"post","link":"https:\/\/www.europesays.com\/africa\/22976\/","title":{"rendered":"le troisi\u00e8me Airbus A330neo attendu ce mercredi \u00e0 Alger"},"content":{"rendered":"<p class=\"p1\">Un autre <a href=\"https:\/\/www.visa-algerie.com\/air-algerie-recevra-un-troisieme-a330-900neo-ex-air-belgium\/\" rel=\"nofollow noopener\" target=\"_blank\">Airbus A330-900neo<\/a>\u00a0de la nouvelle flotte de la compagnie a\u00e9rienne nationale Air Alg\u00e9rie arrive \u00e0 l\u2019a\u00e9roport international d\u2019Alger ce mercredi 14 janvier. C\u2019est le troisi\u00e8me appareil de ce type \u00e0 \u00eatre r\u00e9ceptionn\u00e9 par le transporteur alg\u00e9rien.<\/p>\n<p class=\"p1\">Dans le cadre du plan de renouvellement et de d\u00e9veloppement de la flotte nationale, Air Alg\u00e9rie a pass\u00e9 une commande d\u2019une dizaine de nouveaux appareils aupr\u00e8s du constructeur a\u00e9ronautique europ\u00e9en Airbus et de huit autres \u00e0 Boeing.<\/p>\n<p>NOS VIDEOS\u00a0<\/p>\n<p>Le troisi\u00e8me A330neo se posera \u00e0 l\u2019a\u00e9roport d\u2019Alger ce mercredi 14 janvier<\/p>\n<p class=\"p1\">La livraison des avions Airbus, du type A330-900neo a \u00e9t\u00e9 entam\u00e9e en novembre dernier, avec la r\u00e9ception d\u2019un premier appareil. Un deuxi\u00e8me avion du m\u00eame type a \u00e9t\u00e9 r\u00e9ceptionn\u00e9 fin d\u00e9cembre.<\/p>\n<p class=\"p1\">Selon les donn\u00e9es consult\u00e9es sur Flight Radar, un troisi\u00e8me Airbus A330-900neo devrait atterrir \u00e0 l\u2019a\u00e9roport d\u2019Alger ce mercredi 14 janvier. Mais contrairement aux deux premiers avions d\u00e9j\u00e0 livr\u00e9s, ce troisi\u00e8me appareil ne d\u00e9collera pas du site d\u2019Airbus \u00e0 Toulouse.<\/p>\n<p class=\"p1\">Le d\u00e9part du vol de livraison AH 7003 de l\u2019appareil immatricul\u00e9 7T-VLA est en effet pr\u00e9vu \u00e0 14 h 40 au d\u00e9part de l\u2019a\u00e9roport de Lourdes\u2013Tarbes, au sud de la France. C\u2019est d\u2019ailleurs la derni\u00e8re localisation de l\u2019avion rep\u00e9r\u00e9e par des planes spotters.<\/p>\n<p class=\"p1\">L\u2019A330-900neo, portant les couleurs et le logo d\u2019Air Alg\u00e9rie et l\u2019immatriculation 7T-VLA a en effet \u00e9t\u00e9 aper\u00e7u sur le tarmac de l\u2019a\u00e9roport de Lourdes-Tarbes et non pas sur le site du constructeur Airbus \u00e0 Toulouse, contrairement aux deux premiers appareils livr\u00e9s.<\/p>\n<p>Avec l\u2019arriv\u00e9e du 3\u1d49\u00a0A330neo, la flotte d\u2019Air Alg\u00e9rie passera \u00e0 57 avions<\/p>\n<p class=\"p1\">Selon la page sp\u00e9cialis\u00e9e Algerian Spotters, ce troisi\u00e8me avion de la nouvelle flotte d\u2019Air Alg\u00e9rie n\u2019est pas sorti directement des chaines de production du constructeur europ\u00e9en. Il s\u2019agit d\u2019un ancien avion appartenant \u00e0 la compagnie Air Belgium, remis en service par Airbus au profit d\u2019Air Alg\u00e9rie.<\/p>\n<p class=\"p1\">\u00ab Des observateurs d\u2019avions (planespotters) concluent en effet que certains A330neo livr\u00e9s \u00e0 Air Alg\u00e9rie sont d\u2019anciens appareils Air Belgium, repris ou remis en service, plut\u00f4t que des avions totalement neufs ou sortis directement de l\u2019usine Airbus \u00bb, explique la page.<\/p>\n<p class=\"p1\">Avec l\u2019arriv\u00e9e de ce nouvel a\u00e9ronef,\u00a0<a href=\"https:\/\/www.visa-algerie.com\/video-air-algerie-le-troisieme-a330neo-pret-pour-la-livraison\/\" rel=\"nofollow noopener\" target=\"_blank\">la flotte d\u2019Air Alg\u00e9rie<\/a>\u00a0passera \u00e0 57 avions, auxquels s\u2019ajoutent 15 avions appartenant \u00e0 la compagnie Domestic Airlines (filiale d\u2019Air Alg\u00e9rie). Cette flotte devrait connaitre une extension suppl\u00e9mentaire au cours de 2026 et des prochaines ann\u00e9es.<\/p>\n","protected":false},"excerpt":{"rendered":"Un autre Airbus A330-900neo\u00a0de la nouvelle flotte de la compagnie a\u00e9rienne nationale Air Alg\u00e9rie arrive \u00e0 l\u2019a\u00e9roport international&hellip;\n","protected":false},"author":2,"featured_media":22977,"comment_status":"","ping_status":"","sticky":false,"template":"","format":"standard","meta":{"footnotes":""},"categories":[254],"tags":[2259,255],"class_list":{"0":"post-22976","1":"post","2":"type-post","3":"status-publish","4":"format-standard","5":"has-post-thumbnail","7":"category-algerie","8":"tag-air-algerie-a330neo","9":"tag-algerie"},"share_on_mastodon":{"url":"","error":""},"_links":{"self":[{"href":"https:\/\/www.europesays.com\/africa\/wp-json\/wp\/v2\/posts\/22976","targetHints":{"allow":["GET"]}}],"collection":[{"href":"https:\/\/www.europesays.com\/africa\/wp-json\/wp\/v2\/posts"}],"about":[{"href":"https:\/\/www.europesays.com\/africa\/wp-json\/wp\/v2\/types\/post"}],"author":[{"embeddable":true,"href":"https:\/\/www.europesays.com\/africa\/wp-json\/wp\/v2\/users\/2"}],"replies":[{"embeddable":true,"href":"https:\/\/www.europesays.com\/africa\/wp-json\/wp\/v2\/comments?post=22976"}],"version-history":[{"count":0,"href":"https:\/\/www.europesays.com\/africa\/wp-json\/wp\/v2\/posts\/22976\/revisions"}],"wp:featuredmedia":[{"embeddable":true,"href":"https:\/\/www.europesays.com\/africa\/wp-json\/wp\/v2\/media\/22977"}],"wp:attachment":[{"href":"https:\/\/www.europesays.com\/africa\/wp-json\/wp\/v2\/media?parent=22976"}],"wp:term":[{"taxonomy":"category","embeddable":true,"href":"https:\/\/www.europesays.com\/africa\/wp-json\/wp\/v2\/categories?post=22976"},{"taxonomy":"post_tag","embeddable":true,"href":"https:\/\/www.europesays.com\/africa\/wp-json\/wp\/v2\/tags?post=22976"}],"curies":[{"name":"wp","href":"https:\/\/api.w.org\/{rel}","templated":true}]}}