{"id":22980,"date":"2026-01-14T13:48:10","date_gmt":"2026-01-14T13:48:10","guid":{"rendered":"https:\/\/www.europesays.com\/africa\/22980\/"},"modified":"2026-01-14T13:48:10","modified_gmt":"2026-01-14T13:48:10","slug":"les-tournages-etrangers-ont-genere-15-milliard-de-dirhams-au-maroc-en-2025-bensaid","status":"publish","type":"post","link":"https:\/\/www.europesays.com\/africa\/22980\/","title":{"rendered":"Les tournages \u00e9trangers ont g\u00e9n\u00e9r\u00e9 1,5 milliard de dirhams au Maroc en 2025 (Bensaid)"},"content":{"rendered":"<p>                    En r\u00e9v\u00e9lant que les tournages \u00e9trangers r\u00e9alis\u00e9s au Maroc ont g\u00e9n\u00e9r\u00e9 1,5 milliard de dirhams en 2025, Mehdi Bensaid a confirm\u00e9 un changement d\u2019\u00e9chelle historique pour l\u2019industrie cin\u00e9matographique nationale. Le ministre, intervenant lors d\u2019une s\u00e9ance de questions orales \u00e0 la Chambre des repr\u00e9sentants ce lundi 12 janvier, a rappel\u00e9 que ces recettes ne d\u00e9passaient pas 500 millions de dirhams avant 2021. Cette progression spectaculaire illustre, selon lui, l\u2019impact concret de la strat\u00e9gie de d\u00e9veloppement du cin\u00e9ma lanc\u00e9e en 2022 et l\u2019attractivit\u00e9 croissante du Royaume aupr\u00e8s des grandes productions internationales.<\/p>\n<p>Cette dynamique \u00e9conomique s\u2019accompagne d\u2019un regain d\u2019int\u00e9r\u00eat du public pour les salles obscures. L\u2019ann\u00e9e 2025 a enregistr\u00e9 2,2 millions d\u2019entr\u00e9es, un niveau jug\u00e9 suffisamment encourageant pour inciter les investisseurs \u00e0 relancer des projets d\u2019exploitation. L\u2019ouverture r\u00e9cente du multiplexe Path\u00e9 Dar Essalam \u00e0 Rabat est cit\u00e9e par le ministre comme l\u2019un des premiers signaux tangibles de cette relance, soutenue par le Centre cin\u00e9matographique marocain (CCM) qui continue d\u2019accompagner la cr\u00e9ation et la modernisation des infrastructures via une commission d\u00e9di\u00e9e.<\/p>\n<p>                    <a href=\"https:\/\/lematin.ma\/culture\/festival-national-du-film-des-partenariats-cinematographiques-plus-justes\/309421\" title=\"Festival national du film : le point sur des partenariats cin\u00e9matographiques plus justes\" rel=\"nofollow noopener\" target=\"_blank\"><\/p>\n<p>                                                    <img decoding=\"async\" class=\"lazy\" style=\"\" bad-src=\"https:\/\/cdn4.premiumread.com\/?url=https:\/\/lematin.ma\/lematin\/uploads\/images\/2025\/10\/23\/458652.jpg&amp;w=30&amp;q=100&amp;f=webp\" src=\"https:\/\/lematin.ma\/lematin\/uploads\/images\/2025\/10\/23\/458652.webp\" alt=\"Festival national du film : le point sur des partenariats cin\u00e9matographiques plus justes\" onerror=\"this.src=\" https:=\"\"\/><\/p>\n<p>                    <\/a><\/p>\n<p>Mehdi Bensaid pr\u00e9vient toutefois que ce mod\u00e8le, largement adoss\u00e9 au soutien public, ne peut demeurer la norme. Il estime n\u00e9cessaire de repenser la structure financi\u00e8re et op\u00e9rationnelle des salles de cin\u00e9ma afin d\u2019assurer leur p\u00e9rennit\u00e9. L\u2019\u00c9tat, assure-t-il, poursuivra son accompagnement, mais la transition vers un mod\u00e8le plus autonome appara\u00eet in\u00e9vitable pour consolider l\u2019\u00e9cosyst\u00e8me.<\/p>\n<p>Au-del\u00e0 des performances \u00e9conomiques et de la reprise du r\u00e9seau d\u2019exploitation, le ministre identifie un enjeu strat\u00e9gique majeur encore insuffisamment ma\u00eetris\u00e9. Le v\u00e9ritable d\u00e9fi consiste d\u00e9sormais \u00e0 permettre au cin\u00e9ma marocain de s\u2019exporter et de s\u2019imposer sur les march\u00e9s internationaux. Mehdi Bensaid insiste sur l\u2019importance de comprendre les m\u00e9canismes de diffusion, la concurrence mondiale et les attentes des publics \u00e9trangers pour esp\u00e9rer franchir durablement les fronti\u00e8res.<\/p>\n","protected":false},"excerpt":{"rendered":"En r\u00e9v\u00e9lant que les tournages \u00e9trangers r\u00e9alis\u00e9s au Maroc ont g\u00e9n\u00e9r\u00e9 1,5 milliard de dirhams en 2025, Mehdi&hellip;\n","protected":false},"author":2,"featured_media":22981,"comment_status":"","ping_status":"","sticky":false,"template":"","format":"standard","meta":{"footnotes":""},"categories":[41],"tags":[158,14167,14168],"class_list":{"0":"post-22980","1":"post","2":"type-post","3":"status-publish","4":"format-standard","5":"has-post-thumbnail","7":"category-maroc","8":"tag-maroc","9":"tag-recette-cinema-maroc","10":"tag-tournages-etrangers-maroc-mehdi-bensaid-cinema"},"share_on_mastodon":{"url":"","error":""},"_links":{"self":[{"href":"https:\/\/www.europesays.com\/africa\/wp-json\/wp\/v2\/posts\/22980","targetHints":{"allow":["GET"]}}],"collection":[{"href":"https:\/\/www.europesays.com\/africa\/wp-json\/wp\/v2\/posts"}],"about":[{"href":"https:\/\/www.europesays.com\/africa\/wp-json\/wp\/v2\/types\/post"}],"author":[{"embeddable":true,"href":"https:\/\/www.europesays.com\/africa\/wp-json\/wp\/v2\/users\/2"}],"replies":[{"embeddable":true,"href":"https:\/\/www.europesays.com\/africa\/wp-json\/wp\/v2\/comments?post=22980"}],"version-history":[{"count":0,"href":"https:\/\/www.europesays.com\/africa\/wp-json\/wp\/v2\/posts\/22980\/revisions"}],"wp:featuredmedia":[{"embeddable":true,"href":"https:\/\/www.europesays.com\/africa\/wp-json\/wp\/v2\/media\/22981"}],"wp:attachment":[{"href":"https:\/\/www.europesays.com\/africa\/wp-json\/wp\/v2\/media?parent=22980"}],"wp:term":[{"taxonomy":"category","embeddable":true,"href":"https:\/\/www.europesays.com\/africa\/wp-json\/wp\/v2\/categories?post=22980"},{"taxonomy":"post_tag","embeddable":true,"href":"https:\/\/www.europesays.com\/africa\/wp-json\/wp\/v2\/tags?post=22980"}],"curies":[{"name":"wp","href":"https:\/\/api.w.org\/{rel}","templated":true}]}}