{"id":22998,"date":"2026-01-14T13:58:08","date_gmt":"2026-01-14T13:58:08","guid":{"rendered":"https:\/\/www.europesays.com\/africa\/22998\/"},"modified":"2026-01-14T13:58:08","modified_gmt":"2026-01-14T13:58:08","slug":"dynamique-des-ecosystemes-et-innovation-culturelle-au-cours-de-lage-de-pierre-moyen-en-afrique-australe","status":"publish","type":"post","link":"https:\/\/www.europesays.com\/africa\/22998\/","title":{"rendered":"Dynamique des \u00e9cosyst\u00e8mes et innovation culturelle au cours de l\u2019\u00e2ge de pierre moyen en Afrique australe"},"content":{"rendered":"<p class=\"text-align-justify\">Depuis plusieurs d\u00e9cennies, l\u2019Afrique australe occupe une place centrale dans les d\u00e9bats sur l\u2019origine des innovations technologiques et symboliques chez Homo sapiens. D\u2019abondantes \u00e9tudes arch\u00e9ologiques ont document\u00e9 des d\u00e9veloppements culturels remarquables au cours de cette p\u00e9riode, notamment les technocomplexes Still Bay et Howiesons Poort. Si de nombreux travaux ont explor\u00e9 les liens possibles entre changements climatiques et innovation, un \u00e9l\u00e9ment cl\u00e9 faisait d\u00e9faut : une reconstitution coh\u00e9rente de l\u2019\u00e9volution des \u00e9cosyst\u00e8mes \u00e0 l\u2019\u00e9chelle de l\u2019ensemble de la r\u00e9gion, et de leur articulation avec les trajectoires culturelles.<\/p>\n<p class=\"text-align-justify\">La nouvelle \u00e9tude r\u00e9pond \u00e0 ce manque en mobilisant une archive jusqu\u2019ici sous-exploit\u00e9e mais particuli\u00e8rement puissante : les enregistrements polliniques marins conserv\u00e9s dans des carottes de s\u00e9diments profonds. Les chercheurs ont combin\u00e9 des donn\u00e9es polliniques \u00e0 haute r\u00e9solution issues de deux carottes strat\u00e9giquement localis\u00e9es au large des marges orientale et occidentale de l\u2019Afrique australe. Ces carottes int\u00e8grent des signaux de v\u00e9g\u00e9tation transport\u00e9s par deux des plus grands bassins versants du subcontinent \u2014 le bassin du Limpopo \u00e0 l\u2019est et celui de l\u2019Orange \u00e0 l\u2019ouest \u2014 qui couvrent ensemble la majeure partie de la surface r\u00e9gionale.<\/p>\n<p class=\"text-align-justify\">Contrairement aux archives continentales, souvent influenc\u00e9es par des conditions tr\u00e8s locales et par des processus taphonomiques sp\u00e9cifiques aux sites, ces archives marines int\u00e8grent des signaux de v\u00e9g\u00e9tation sur de vastes zones de drainage. Elles fournissent ainsi une image robuste et r\u00e9gionalement coh\u00e9rente de la dynamique des \u00e9cosyst\u00e8mes, montrant comment for\u00eats, prairies, fynbos et biomes semi-arides se sont \u00e9tendus ou r\u00e9tract\u00e9s en r\u00e9ponse aux variations climatiques orbitales et mill\u00e9naires.\u00a0<\/p>\n<p class=\"text-align-justify\">Int\u00e9grant \u00e0 ces reconstitutions environnementales une nouvelle mod\u00e9lisation chronologique des principaux technocomplexes de l&#8217;\u00e2ge de pierre moyen, l\u2019\u00e9tude permet, pour la premi\u00e8re fois, une comparaison coh\u00e9rente entre la dynamique des \u00e9cosyst\u00e8mes et l\u2019\u00e9volution culturelle. Elle offre une base nouvelle pour comprendre comment les premiers Homo sapiens se sont adapt\u00e9s, ont innov\u00e9 et ont r\u00e9organis\u00e9 leurs soci\u00e9t\u00e9s dans un monde en perp\u00e9tuelle transformation.<\/p>\n<p class=\"text-align-justify\">Plut\u00f4t que de soutenir un mod\u00e8le simpliste dans lequel le climat \u00ab d\u00e9termine \u00bb directement l\u2019innovation, l\u2019\u00e9tude met en lumi\u00e8re un tableau plus nuanc\u00e9. Les changements environnementaux ont agi \u00e0 la fois comme des contraintes et comme des opportunit\u00e9s, en fa\u00e7onnant la structure des \u00e9cosyst\u00e8mes, en influen\u00e7ant la connectivit\u00e9 des populations et en interagissant de mani\u00e8re complexe avec les dynamiques d\u00e9mographiques et sociales.\u00a0<\/p>\n<p class=\"text-align-justify\">Cette \u00e9tude repose sur une \u00e9troite collaboration entre les laboratoires EPOC (CNRS\/ Universit\u00e9 de Bordeaux\/Bordeaux INP\/EPHE-PSL)\u00a0 et le PACEA (CNRS\/Min de la Culture\/ Universit\u00e9 de Bordeaux), l\u2019\u00c9cole Pratique des Hautes \u00c9tudes (EPHE-PSL), l\u2019Institut d\u2019Histoire (IH-CSIC), ainsi que les universit\u00e9s d\u2019Exeter et de Bergen. Elle combine des expertises en palynologie marine, sciences du climat, arch\u00e9ologie et pal\u00e9oanthropologie.\u00a0<\/p>\n","protected":false},"excerpt":{"rendered":"Depuis plusieurs d\u00e9cennies, l\u2019Afrique australe occupe une place centrale dans les d\u00e9bats sur l\u2019origine des innovations technologiques et&hellip;\n","protected":false},"author":2,"featured_media":22999,"comment_status":"","ping_status":"","sticky":false,"template":"","format":"standard","meta":{"footnotes":""},"categories":[62],"tags":[64],"class_list":{"0":"post-22998","1":"post","2":"type-post","3":"status-publish","4":"format-standard","5":"has-post-thumbnail","7":"category-afrique","8":"tag-afrique"},"share_on_mastodon":{"url":"","error":""},"_links":{"self":[{"href":"https:\/\/www.europesays.com\/africa\/wp-json\/wp\/v2\/posts\/22998","targetHints":{"allow":["GET"]}}],"collection":[{"href":"https:\/\/www.europesays.com\/africa\/wp-json\/wp\/v2\/posts"}],"about":[{"href":"https:\/\/www.europesays.com\/africa\/wp-json\/wp\/v2\/types\/post"}],"author":[{"embeddable":true,"href":"https:\/\/www.europesays.com\/africa\/wp-json\/wp\/v2\/users\/2"}],"replies":[{"embeddable":true,"href":"https:\/\/www.europesays.com\/africa\/wp-json\/wp\/v2\/comments?post=22998"}],"version-history":[{"count":0,"href":"https:\/\/www.europesays.com\/africa\/wp-json\/wp\/v2\/posts\/22998\/revisions"}],"wp:featuredmedia":[{"embeddable":true,"href":"https:\/\/www.europesays.com\/africa\/wp-json\/wp\/v2\/media\/22999"}],"wp:attachment":[{"href":"https:\/\/www.europesays.com\/africa\/wp-json\/wp\/v2\/media?parent=22998"}],"wp:term":[{"taxonomy":"category","embeddable":true,"href":"https:\/\/www.europesays.com\/africa\/wp-json\/wp\/v2\/categories?post=22998"},{"taxonomy":"post_tag","embeddable":true,"href":"https:\/\/www.europesays.com\/africa\/wp-json\/wp\/v2\/tags?post=22998"}],"curies":[{"name":"wp","href":"https:\/\/api.w.org\/{rel}","templated":true}]}}