{"id":23002,"date":"2026-01-14T14:00:11","date_gmt":"2026-01-14T14:00:11","guid":{"rendered":"https:\/\/www.europesays.com\/africa\/23002\/"},"modified":"2026-01-14T14:00:11","modified_gmt":"2026-01-14T14:00:11","slug":"relation-entre-lalgerie-et-la-france-lambassadeur-stephane-romatet-sexprime","status":"publish","type":"post","link":"https:\/\/www.europesays.com\/africa\/23002\/","title":{"rendered":"Relation entre l&#8217;Alg\u00e9rie et la France : l&#8217;ambassadeur St\u00e9phane Romatet s&#8217;exprime"},"content":{"rendered":"<p>L\u2019ambassadeur de France en Alg\u00e9rie, St\u00e9phane Romatet, rappel\u00e9 en avril 2025, s\u2019est exprim\u00e9 sur la situation entre les deux pays. <a href=\"https:\/\/www.rfi.fr\/fr\/podcasts\/le-grand-invit%C3%A9-afrique\/20260113-france-alg%C3%A9rie-des-canaux-de-communication-ont-%C3%A9t%C3%A9-remis-en-place-entre-paris-et-alger\" rel=\"nofollow noopener\" target=\"_blank\">Dans un entretien avec la radio fran\u00e7aise RFI<\/a>, il a indiqu\u00e9 que \u00ab\u00a0des canaux de communication ont \u00e9t\u00e9 r\u00e9tablis entre Paris et Alger\u00a0\u00bb r\u00e9cemment, tout en reconnaissant que la crise, qui dure depuis 18 mois, n\u2019est pas compl\u00e8tement r\u00e9solue.<\/p>\n<p>L\u2019ambassadeur a qualifi\u00e9 les derniers mois de \u00ab\u00a0quasi rupture des relations entre la France et l\u2019Alg\u00e9rie\u00a0\u00bb. \u00ab\u00a0Des contacts ont \u00e9t\u00e9 initi\u00e9s depuis maintenant plusieurs semaines, des r\u00e9unions de travail ont eu lieu entre sp\u00e9cialistes fran\u00e7ais et alg\u00e9riens\u00a0\u00bb, a expliqu\u00e9 Romatet. Il a ajout\u00e9 que la France attend que les Alg\u00e9riens \u00ab\u00a0prennent les premi\u00e8res mesures qui permettent de marquer la reprise de cette coop\u00e9ration consulaire\u00a0\u00bb.<\/p>\n<p>Selon lui, la France a deux priorit\u00e9s d\u2019une \u00ab\u00a0n\u00e9cessit\u00e9 absolue et imp\u00e9rative\u00a0\u00bb : la reprise de la coop\u00e9ration s\u00e9curitaire et migratoire, y compris la r\u00e9admission des personnes sous OQTF. \u00ab\u00a0Nous avons des exigences, la reprise de la coop\u00e9ration s\u00e9curitaire, la reprise de la coop\u00e9ration migratoire. Elle est essentielle. Il faut absolument que nous d\u00e9passions ce qui s\u2019est pass\u00e9 depuis maintenant 18 mois, c\u2019est-\u00e0-dire la quasi-rupture des relations entre la France et l\u2019Alg\u00e9rie\u00a0\u00bb, a affirm\u00e9 l\u2019ambassadeur.<\/p>\n<p>La reprise des \u00e9changes s\u2019est traduite par la visite de la secr\u00e9taire g\u00e9n\u00e9rale du Quai d\u2019Orsay, Anne-Marie Desc\u00f4tes, \u00e0 Alger en novembre dernier. Cette visite a marqu\u00e9 \u00ab\u00a0le r\u00e9tablissement pour la premi\u00e8re fois depuis juillet 2024 d\u2019un canal diplomatique, notamment pour traiter le sujet de la crise au Sahel\u00a0\u00bb. L\u2019ambassadeur a pr\u00e9cis\u00e9 qu\u2019il aurait \u00e9galement \u00e9t\u00e9 possible \u00ab\u00a0d\u2019\u00e9voquer la question du Sahara occidental apr\u00e8s le vote de la r\u00e9solution 2797\u00a0\u00bb du conseil de s\u00e9curit\u00e9 de l\u2019ONU.<\/p>\n<p>Concernant la visite annonc\u00e9e du ministre fran\u00e7ais de l\u2019Int\u00e9rieur, Laurent Nunez, St\u00e9phane Romatet a confirm\u00e9 qu\u2019elle a \u00e9t\u00e9 planifi\u00e9e et que le ministre a \u00e9t\u00e9 invit\u00e9, soulignant que \u00ab\u00a0\u00e7a fait partie effectivement des gestes que nous avons constat\u00e9s de la part des autorit\u00e9s alg\u00e9riennes\u00a0\u00bb.<\/p>\n<p>Cette visite doit \u00eatre pr\u00e9par\u00e9e afin de garantir que \u00ab\u00a0les conditions de succ\u00e8s de cette visite puissent \u00eatre r\u00e9unies, notamment sur les gestes qui sont attendus de la part des autorit\u00e9s alg\u00e9riennes\u00a0\u00bb. Le ministre doit pouvoir obtenir des r\u00e9sultats concrets sur la coop\u00e9ration s\u00e9curitaire et migratoire, \u00ab\u00a0\u00e0 la hauteur de nos attentes\u00a0\u00bb. Pour son propre retour \u00e0 Alger apr\u00e8s son rappel, Romatet a rappel\u00e9 que cela d\u00e9pend d\u2019une d\u00e9cision du pr\u00e9sident fran\u00e7ais Emmanuel Macron, \u00ab\u00a0d\u00e8s qu\u2019il jugera que les conditions politiques\u00a0\u00bb sont r\u00e9unies.<\/p>\n<p>L\u2019ambassadeur a identifi\u00e9 un \u00ab\u00a0double obstacle\u00a0\u00bb pour un retour \u00e0 la normale : le maintien en d\u00e9tention du journaliste Christophe Gleizes et <a href=\"https:\/\/algerie-eco.com\/2025\/12\/24\/apn-adoption-de-la-proposition-de-loi-criminalisant-la-colonisation-francaise-en-algerie\/\" target=\"_blank\" rel=\"noreferrer noopener nofollow\">le projet de loi alg\u00e9rien sur la criminalisation de la colonisation<\/a>. Selon lui, \u00ab\u00a0ces deux \u00e9v\u00e9nements rendent aujourd\u2019hui plus compliqu\u00e9e cette voie de volont\u00e9 de retrouver un chemin d\u2019apaisement avec l\u2019Alg\u00e9rie\u00a0\u00bb.<\/p>\n<p>Un autre sujet de tension concerne l\u2019\u00e9conomie. Romatet a expliqu\u00e9 que l\u2019Alg\u00e9rie a employ\u00e9 \u00ab\u00a0l\u2019arme \u00e9conomique\u00a0\u00bb pendant la crise, citant \u00ab\u00a0des t\u00e9moignages concordants de mesures de quasi-boycott \u00e9conomique prises \u00e0 l\u2019\u00e9gard des entreprises fran\u00e7aises\u00a0\u00bb. \u00ab\u00a0Il est \u00e9vident qu\u2019on ne peut pas aujourd\u2019hui ren\u00e9gocier cet accord d\u2019association (avec l\u2019Union europ\u00e9enne) tant que ces mesures de discrimination et d\u2019obstacles aux \u00e9changes demeurent en vigueur en Alg\u00e9rie\u00a0\u00bb, a-t-il pr\u00e9cis\u00e9.<\/p>\n","protected":false},"excerpt":{"rendered":"L\u2019ambassadeur de France en Alg\u00e9rie, St\u00e9phane Romatet, rappel\u00e9 en avril 2025, s\u2019est exprim\u00e9 sur la situation entre les&hellip;\n","protected":false},"author":2,"featured_media":23003,"comment_status":"","ping_status":"","sticky":false,"template":"","format":"standard","meta":{"footnotes":""},"categories":[254],"tags":[255,14183,14184,658,14185],"class_list":{"0":"post-23002","1":"post","2":"type-post","3":"status-publish","4":"format-standard","5":"has-post-thumbnail","7":"category-algerie","8":"tag-algerie","9":"tag-ambassadeur-stephane-romatet","10":"tag-crise-algerie-france","11":"tag-france","12":"tag-relations-algero-francaise"},"share_on_mastodon":{"url":"","error":""},"_links":{"self":[{"href":"https:\/\/www.europesays.com\/africa\/wp-json\/wp\/v2\/posts\/23002","targetHints":{"allow":["GET"]}}],"collection":[{"href":"https:\/\/www.europesays.com\/africa\/wp-json\/wp\/v2\/posts"}],"about":[{"href":"https:\/\/www.europesays.com\/africa\/wp-json\/wp\/v2\/types\/post"}],"author":[{"embeddable":true,"href":"https:\/\/www.europesays.com\/africa\/wp-json\/wp\/v2\/users\/2"}],"replies":[{"embeddable":true,"href":"https:\/\/www.europesays.com\/africa\/wp-json\/wp\/v2\/comments?post=23002"}],"version-history":[{"count":0,"href":"https:\/\/www.europesays.com\/africa\/wp-json\/wp\/v2\/posts\/23002\/revisions"}],"wp:featuredmedia":[{"embeddable":true,"href":"https:\/\/www.europesays.com\/africa\/wp-json\/wp\/v2\/media\/23003"}],"wp:attachment":[{"href":"https:\/\/www.europesays.com\/africa\/wp-json\/wp\/v2\/media?parent=23002"}],"wp:term":[{"taxonomy":"category","embeddable":true,"href":"https:\/\/www.europesays.com\/africa\/wp-json\/wp\/v2\/categories?post=23002"},{"taxonomy":"post_tag","embeddable":true,"href":"https:\/\/www.europesays.com\/africa\/wp-json\/wp\/v2\/tags?post=23002"}],"curies":[{"name":"wp","href":"https:\/\/api.w.org\/{rel}","templated":true}]}}