{"id":23005,"date":"2026-01-14T14:02:19","date_gmt":"2026-01-14T14:02:19","guid":{"rendered":"https:\/\/www.europesays.com\/africa\/23005\/"},"modified":"2026-01-14T14:02:19","modified_gmt":"2026-01-14T14:02:19","slug":"lircam-celebre-yennayer-2976-et-le-maroc-pluriel-dans-lunite","status":"publish","type":"post","link":"https:\/\/www.europesays.com\/africa\/23005\/","title":{"rendered":"L\u2019IRCAM c\u00e9l\u00e8bre Yennayer 2976 et le Maroc pluriel dans l\u2019unit\u00e9"},"content":{"rendered":"<p>L\u2019Institut Royal de la Culture Amazighe (IRCAM) a c\u00e9l\u00e9br\u00e9, mardi, 13 janvier, \u00e0 Rabat, le Nouvel An amazigh 2976, autour du th\u00e8me : \u201cYennayer : C\u00e9l\u00e9brer le Maroc pluriel dans le cadre de l\u2019unit\u00e9\u201d.<\/p>\n<p>Cette c\u00e9r\u00e9monie a mis en lumi\u00e8re le patrimoine marocain, mat\u00e9riel et immat\u00e9riel, tout en soulignant les racines historiques de la culture amazighe \u00e0 travers l\u2019ensemble des r\u00e9gions du Royaume, y compris ses provinces du Sud.<\/p>\n<p>Une f\u00eate nationale inscrite dans l\u2019Histoire contemporaine du Maroc<\/p>\n<p>La c\u00e9l\u00e9bration de \u201cId Yennayer 2976\/2026\u201d marque la troisi\u00e8me \u00e9dition officielle de cette f\u00eate depuis la D\u00e9cision Royale du 3 mai 2023, qui a fait du Nouvel An amazigh un jour f\u00e9ri\u00e9 national.<\/p>\n<p>L\u2019\u00e9v\u00e9nement s\u2019inscrit \u00e9galement dans un contexte historique important : le 31 octobre 2025, le Conseil de s\u00e9curit\u00e9 de l\u2019ONU a adopt\u00e9 la r\u00e9solution 2797, consacrant la souverainet\u00e9 du Maroc sur son Sahara.<\/p>\n<p>Le pluralisme culturel, une r\u00e9f\u00e9rence marocaine \u00e0 l\u2019international<\/p>\n<p>Pour Ahmed Boukous, recteur de l\u2019IRCAM, la diversit\u00e9 culturelle est un enjeu mondial et continental, et le Maroc a d\u00e9velopp\u00e9 un mod\u00e8le bas\u00e9 sur le pluralisme. Selon lui, ce mod\u00e8le est d\u00e9sormais reconnu dans plusieurs pays d\u2019Am\u00e9rique du Sud et d\u2019Afrique subsaharienne. Il souligne que le \u201csoft power marocain\u201d s\u2019affirme, faisant du Royaume un exemple en mati\u00e8re de gestion du multilinguisme et de la diversit\u00e9 culturelle.<\/p>\n<p>Yennayer : symbole de l\u2019unit\u00e9 et des valeurs amazighes<\/p>\n<p>Mohamed Makhles, chef du service de communication externe \u00e0 l\u2019IRCAM, a rappel\u00e9 que la c\u00e9l\u00e9bration du Nouvel An amazigh a une double port\u00e9e symbolique :<\/p>\n<p>Rappeler la D\u00e9cision Royale et la reconnaissance officielle de Yennayer ;C\u00e9l\u00e9brer le Maroc pluriel dans l\u2019unit\u00e9 nationale.<\/p>\n<p>Il a ajout\u00e9 que \u201cId Yennayer\u201d c\u00e9l\u00e8bre \u00e9galement la terre et les valeurs amazighes marocaines, telles que la coop\u00e9ration, la solidarit\u00e9 et le partage, valeurs qui se sont illustr\u00e9es lors de l\u2019accueil des visiteurs de la Coupe d\u2019Afrique des nations (CAN 2025) organis\u00e9e par le Maroc.<\/p>\n<p>Une richesse culturelle illustr\u00e9e par les arts traditionnels<\/p>\n<p>Le programme de la manifestation a r\u00e9uni des troupes venues de toutes les r\u00e9gions du Royaume, proposant des performances artistiques traduisant la richesse culturelle nationale : Rways, Ahidous, Ahwach et Guedra, ic\u00f4ne des arts sahraouis marocains.<\/p>\n<p>Ces expressions artistiques t\u00e9moignent de la profondeur, de la continuit\u00e9 et de la vitalit\u00e9 du patrimoine immat\u00e9riel du Maroc, c\u00e9l\u00e9brant ainsi l\u2019histoire et l\u2019unit\u00e9 du Royaume \u00e0 travers la diversit\u00e9 culturelle.<\/p>\n<p>&gt;&gt; Lire aussi :\u00a0<a href=\"https:\/\/www.lecourrierdelatlas.com\/khenifra-celebre-lamazighite-entre-memoire-identite-et-modernite\/\" rel=\"nofollow noopener\" target=\"_blank\">Kh\u00e9nifra c\u00e9l\u00e8bre l\u2019amazighit\u00e9, entre m\u00e9moire, identit\u00e9 et modernit\u00e9<\/a><\/p>\n","protected":false},"excerpt":{"rendered":"L\u2019Institut Royal de la Culture Amazighe (IRCAM) a c\u00e9l\u00e9br\u00e9, mardi, 13 janvier, \u00e0 Rabat, le Nouvel An amazigh&hellip;\n","protected":false},"author":2,"featured_media":23006,"comment_status":"","ping_status":"","sticky":false,"template":"","format":"standard","meta":{"footnotes":""},"categories":[41],"tags":[13902,14186,158,14187,11979],"class_list":{"0":"post-23005","1":"post","2":"type-post","3":"status-publish","4":"format-standard","5":"has-post-thumbnail","7":"category-maroc","8":"tag-celebrations","9":"tag-diversite-culturelle","10":"tag-maroc","11":"tag-maroc-pluriel","12":"tag-nouvel-an-amazigh"},"share_on_mastodon":{"url":"","error":""},"_links":{"self":[{"href":"https:\/\/www.europesays.com\/africa\/wp-json\/wp\/v2\/posts\/23005","targetHints":{"allow":["GET"]}}],"collection":[{"href":"https:\/\/www.europesays.com\/africa\/wp-json\/wp\/v2\/posts"}],"about":[{"href":"https:\/\/www.europesays.com\/africa\/wp-json\/wp\/v2\/types\/post"}],"author":[{"embeddable":true,"href":"https:\/\/www.europesays.com\/africa\/wp-json\/wp\/v2\/users\/2"}],"replies":[{"embeddable":true,"href":"https:\/\/www.europesays.com\/africa\/wp-json\/wp\/v2\/comments?post=23005"}],"version-history":[{"count":0,"href":"https:\/\/www.europesays.com\/africa\/wp-json\/wp\/v2\/posts\/23005\/revisions"}],"wp:featuredmedia":[{"embeddable":true,"href":"https:\/\/www.europesays.com\/africa\/wp-json\/wp\/v2\/media\/23006"}],"wp:attachment":[{"href":"https:\/\/www.europesays.com\/africa\/wp-json\/wp\/v2\/media?parent=23005"}],"wp:term":[{"taxonomy":"category","embeddable":true,"href":"https:\/\/www.europesays.com\/africa\/wp-json\/wp\/v2\/categories?post=23005"},{"taxonomy":"post_tag","embeddable":true,"href":"https:\/\/www.europesays.com\/africa\/wp-json\/wp\/v2\/tags?post=23005"}],"curies":[{"name":"wp","href":"https:\/\/api.w.org\/{rel}","templated":true}]}}