{"id":23027,"date":"2026-01-14T14:15:09","date_gmt":"2026-01-14T14:15:09","guid":{"rendered":"https:\/\/www.europesays.com\/africa\/23027\/"},"modified":"2026-01-14T14:15:09","modified_gmt":"2026-01-14T14:15:09","slug":"le-mali-et-le-burkina-faso-interdisent-lacces-aux-voyageurs-americains","status":"publish","type":"post","link":"https:\/\/www.europesays.com\/africa\/23027\/","title":{"rendered":"Le Mali et le Burkina Faso interdisent l\u2019acc\u00e8s aux voyageurs am\u00e9ricains"},"content":{"rendered":"<p style=\"font-weight: 400;\">Conform\u00e9ment au principe de r\u00e9ciprocit\u00e9, trois\u00a0<a href=\"https:\/\/www.visa-algerie.com\/voyage-ces-5-pays-dafrique-ont-supprime-le-visa-pour-les-africains\/\" rel=\"nofollow noopener\" target=\"_blank\">pays africains<\/a>, dont deux partageant des fronti\u00e8res directes avec l\u2019Alg\u00e9rie, interdisent l\u2019acc\u00e8s \u00e0 leurs territoires aux voyageurs des \u00c9tats-Unis.<\/p>\n<p style=\"font-weight: 400;\">En d\u00e9cembre dernier, le pr\u00e9sident am\u00e9ricain, Donald Trump, a \u00e9largi l\u2019interdiction de voyager dans les \u00c9tats-Unis aux ressortissants de plusieurs pays, soulignant que les\u00a0restrictions visaient \u00e0 \u00ab prot\u00e9ger la s\u00e9curit\u00e9 des \u00c9tats-Unis \u00bb.<\/p>\n<p>NOS VIDEOS<\/p>\n<p>Trois pays africains interdisent l\u2019acc\u00e8s \u00e0 leurs territoires aux voyageurs am\u00e9ricains<\/p>\n<p style=\"font-weight: 400;\">En vertu de cette d\u00e9cision, des restrictions totales sont impos\u00e9es aux ressortissants du Burkina Faso, du Mali, du Niger, du Soudan du Sud et de la Syrie, ainsi qu\u2019aux d\u00e9tenteurs d\u2019un passeport d\u00e9livr\u00e9 par l\u2019Autorit\u00e9 palestinienne.<\/p>\n<p style=\"font-weight: 400;\">Trois pays africains int\u00e9gr\u00e9s dans cette liste ont d\u00e9cid\u00e9 \u00e0 leur tour d\u2019interdire l\u2019acc\u00e8s \u00e0 leurs territoires aux ressortissants am\u00e9ricains, conform\u00e9ment au principe de r\u00e9ciprocit\u00e9. Il s\u2019agit notamment du Mali et du Niger, deux pays voisins de l\u2019Alg\u00e9rie.<\/p>\n<p style=\"font-weight: 400;\">\u00ab\u00a0Conform\u00e9ment au principe de r\u00e9ciprocit\u00e9, l\u2019entr\u00e9e sur le territoire malien des ressortissants am\u00e9ricains est totalement suspendue\u00a0\u00bb, a \u00e9crit le minist\u00e8re des Affaires \u00e9trang\u00e8res de ce pays africain dans un communiqu\u00e9\u00a0<a href=\"https:\/\/x.com\/MaliMaeci\/status\/2007401173142385058?s=20\" rel=\"nofollow\">publi\u00e9 sur X<\/a>.<\/p>\n<p style=\"font-weight: 400;\">Le communiqu\u00e9 de la diplomatie malienne \u00e9num\u00e8re quelques exceptions \u00e0 cette restriction, concernant notamment les athl\u00e8tes, les diplomates ou encore les citoyens am\u00e9ricains r\u00e9sidant de mani\u00e8re permanente au Mali.<\/p>\n<p style=\"font-weight: 400;\">Selon le m\u00e9dia sp\u00e9cialis\u00e9\u00a0<a href=\"https:\/\/www.travelandleisure.com\/countries-banning-americans-after-us-travel-ban-11882080?link_source=ta_first_comment&amp;taid=6966731ba573be0001996867&amp;utm_campaign=travelandleisure&amp;utm_content=photo&amp;utm_medium=social&amp;utm_source=Facebook.com&amp;utm_term=6966731ba573be0001996866&amp;fbclid=IwZnRzaAPTicZleHRuA2FlbQIxMQBzcnRjBmFwcF9pZAo2NjI4NTY4Mzc5AAEeqajr9BxQanutMXB-9kd3ZjW26KTjXYV7QShJquMNOzxOPapztQUwFqneygc_aem_IAsiqFIqN93JiUO9PM-Axw\" rel=\"nofollow noopener\" target=\"_blank\">Travel And Leisure<\/a>, le Niger a \u00e9galement impos\u00e9 une interdiction d\u2019acc\u00e8s \u00e0 son territoire aux citoyens am\u00e9ricains la semaine pr\u00e9c\u00e9dente, toujours en suivant le principe de r\u00e9ciprocit\u00e9.<\/p>\n<p>Les trois pays africains invoquent le \u00ab principe de r\u00e9ciprocit\u00e9 \u00bb<\/p>\n<p style=\"font-weight: 400;\">Le Burkina Faso a aussi interdit l\u2019entr\u00e9e sur son territoire aux citoyens am\u00e9ricains, selon une d\u00e9claration du ministre des Affaires \u00e9trang\u00e8res de ce pays, obtenue par la BBC, soulignant qu\u2019il agissait selon le \u00ab principe de r\u00e9ciprocit\u00e9 \u00bb.<\/p>\n<p style=\"font-weight: 400;\">Il convient de noter qu\u2019avant ces d\u00e9cisions d\u2019interdiction r\u00e9ciproques d\u2019acc\u00e8s, le d\u00e9partement d\u2019\u00c9tat am\u00e9ricain avait d\u00e9j\u00e0 conseill\u00e9 aux citoyens des\u00a0<a href=\"https:\/\/www.visa-algerie.com\/visa-usa-une-caution-pouvant-atteindre-15-000-desormais-exigee-des-algeriens\/\" rel=\"nofollow noopener\" target=\"_blank\">\u00c9tats-Unis<\/a>\u00a0de ne pas se rendre dans ces trois pays.<\/p>\n<p style=\"font-weight: 400;\">Le d\u00e9partement avait en effet class\u00e9 le Mali, le Burkina Faso et le Niger au niveau 4, le plus \u00e9lev\u00e9 de son syst\u00e8me d\u2019alerte, mettant en garde les Am\u00e9ricains contre les risques de terrorisme, de criminalit\u00e9, d\u2019enl\u00e8vements \u2026<\/p>\n<p style=\"font-weight: 400;\">Il est \u00e0 rappeler que les pays dont les ressortissants sont totalement interdits d\u2019entr\u00e9e sur le territoire am\u00e9ricain sont l\u2019Afghanistan, la R\u00e9publique du Congo, la Guin\u00e9e \u00e9quatoriale, Ha\u00efti, l\u2019Iran, la Libye, la Somalie, le Soudan, le Y\u00e9men\u2026<\/p>\n","protected":false},"excerpt":{"rendered":"Conform\u00e9ment au principe de r\u00e9ciprocit\u00e9, trois\u00a0pays africains, dont deux partageant des fronti\u00e8res directes avec l\u2019Alg\u00e9rie, interdisent l\u2019acc\u00e8s \u00e0&hellip;\n","protected":false},"author":2,"featured_media":23028,"comment_status":"","ping_status":"","sticky":false,"template":"","format":"standard","meta":{"footnotes":""},"categories":[254],"tags":[255,14200],"class_list":{"0":"post-23027","1":"post","2":"type-post","3":"status-publish","4":"format-standard","5":"has-post-thumbnail","7":"category-algerie","8":"tag-algerie","9":"tag-voyageurs-americains-mali"},"share_on_mastodon":{"url":"","error":""},"_links":{"self":[{"href":"https:\/\/www.europesays.com\/africa\/wp-json\/wp\/v2\/posts\/23027","targetHints":{"allow":["GET"]}}],"collection":[{"href":"https:\/\/www.europesays.com\/africa\/wp-json\/wp\/v2\/posts"}],"about":[{"href":"https:\/\/www.europesays.com\/africa\/wp-json\/wp\/v2\/types\/post"}],"author":[{"embeddable":true,"href":"https:\/\/www.europesays.com\/africa\/wp-json\/wp\/v2\/users\/2"}],"replies":[{"embeddable":true,"href":"https:\/\/www.europesays.com\/africa\/wp-json\/wp\/v2\/comments?post=23027"}],"version-history":[{"count":0,"href":"https:\/\/www.europesays.com\/africa\/wp-json\/wp\/v2\/posts\/23027\/revisions"}],"wp:featuredmedia":[{"embeddable":true,"href":"https:\/\/www.europesays.com\/africa\/wp-json\/wp\/v2\/media\/23028"}],"wp:attachment":[{"href":"https:\/\/www.europesays.com\/africa\/wp-json\/wp\/v2\/media?parent=23027"}],"wp:term":[{"taxonomy":"category","embeddable":true,"href":"https:\/\/www.europesays.com\/africa\/wp-json\/wp\/v2\/categories?post=23027"},{"taxonomy":"post_tag","embeddable":true,"href":"https:\/\/www.europesays.com\/africa\/wp-json\/wp\/v2\/tags?post=23027"}],"curies":[{"name":"wp","href":"https:\/\/api.w.org\/{rel}","templated":true}]}}