{"id":23029,"date":"2026-01-14T14:16:12","date_gmt":"2026-01-14T14:16:12","guid":{"rendered":"https:\/\/www.europesays.com\/africa\/23029\/"},"modified":"2026-01-14T14:16:12","modified_gmt":"2026-01-14T14:16:12","slug":"au-maroc-les-senegalais-musulmans-en-pelerinage","status":"publish","type":"post","link":"https:\/\/www.europesays.com\/africa\/23029\/","title":{"rendered":"au Maroc, les S\u00e9n\u00e9galais musulmans en p\u00e8lerinage"},"content":{"rendered":"<p>                     <img loading=\"lazy\" decoding=\"async\" src=\"https:\/\/www.europesays.com\/africa\/wp-content\/uploads\/2026\/01\/d603093_22590-ksbib1.jpg\" alt=\"Des membres de la tidjaniya, une confr\u00e9rie musulmane soufie, dans le mausol\u00e9e du th\u00e9ologien du XVIIIe si\u00e8cle Ahmed Tidjani, \u00e0 F\u00e8s, au Maroc, le 14\u00a0mai 2014.\"   width=\"664\" height=\"443\"\/>    Des membres de la tidjaniya, une confr\u00e9rie musulmane soufie, dans le mausol\u00e9e du th\u00e9ologien du XVIIIe si\u00e8cle Ahmed Tidjani, \u00e0 F\u00e8s, au Maroc, le 14\u00a0mai 2014.  AFP                 <\/p>\n<p class=\"article__paragraph  \">Dans les ruelles escarp\u00e9es de la vieille m\u00e9dina de F\u00e8s, dans le nord du Maroc, Amadou Bassirou Ciss\u00e9, 36\u00a0ans, muni d\u2019un sac \u00e0 dos aux couleurs du drapeau s\u00e9n\u00e9galais, ne passe pas inaper\u00e7u. L\u2019air satisfait, apais\u00e9 aussi, l\u2019ing\u00e9nieur s\u00e9n\u00e9galais sort tout juste d\u2019un moment de recueillement au mausol\u00e9e d\u2019Ahmed Tidjani, un th\u00e9ologien, mort en\u00a01815, qui a, selon la tradition, eu une vision du Proph\u00e8te Mahomet. L\u2019homme est le fondateur de la tidjaniya, une confr\u00e9rie de l\u2019islam soufie tr\u00e8s influente en Afrique de l\u2019Ouest, et particuli\u00e8rement au S\u00e9n\u00e9gal, o\u00f9 elle rassemble pr\u00e8s de la moiti\u00e9 des fid\u00e8les musulmans.<\/p>\n<p class=\"article__paragraph  \">\u00ab\u00a0C\u2019est un r\u00eave qui se concr\u00e9tise, se r\u00e9jouit-il. Je me sens chanceux et b\u00e9ni d\u2019\u00eatre ici car, pour nous, S\u00e9n\u00e9galais, la ziyara [\u201cvisite\u201d des saints, en arabe] vers le mausol\u00e9e est un symbole de la foi\u00a0\u00bb, poursuit le jeune homme, venu au Maroc principalement pour assister aux matchs des Lions de la Teranga durant la Coupe d\u2019Afrique des nations 2025. Mercredi 14\u00a0janvier, l\u2019\u00e9quipe affronte l\u2019Egypte en demi-finale de la comp\u00e9tition.<\/p>\n<p class=\"article__paragraph  \">Toutefois, pour Amadou Bassirou Ciss\u00e9, comme pour des milliers de ses compatriotes supporteurs, \u00ab\u00a0il \u00e9tait impensable de venir au Maroc sans passer par F\u00e8s\u00a0\u00bb. Vers 13\u00a0h\u00a040, \u00e0 l\u2019heure de la pri\u00e8re du dohr, l\u2019affluence devant les immenses portes en bois, taill\u00e9es en arrondi, suffit \u00e0 obstruer le passage de l\u2019\u00e9troite derb (\u00ab\u00a0ruelle\u00a0\u00bb) Ahmed-Tidjani.<\/p>\n<p class=\"reading-mode-only \">Il vous reste 79.98% de cet article \u00e0 lire. La suite est r\u00e9serv\u00e9e aux abonn\u00e9s.<\/p>\n","protected":false},"excerpt":{"rendered":"Des membres de la tidjaniya, une confr\u00e9rie musulmane soufie, dans le mausol\u00e9e du th\u00e9ologien du XVIIIe si\u00e8cle Ahmed&hellip;\n","protected":false},"author":2,"featured_media":23030,"comment_status":"","ping_status":"","sticky":false,"template":"","format":"standard","meta":{"footnotes":""},"categories":[48],"tags":[159],"class_list":{"0":"post-23029","1":"post","2":"type-post","3":"status-publish","4":"format-standard","5":"has-post-thumbnail","7":"category-senegal","8":"tag-senegal"},"share_on_mastodon":{"url":"","error":""},"_links":{"self":[{"href":"https:\/\/www.europesays.com\/africa\/wp-json\/wp\/v2\/posts\/23029","targetHints":{"allow":["GET"]}}],"collection":[{"href":"https:\/\/www.europesays.com\/africa\/wp-json\/wp\/v2\/posts"}],"about":[{"href":"https:\/\/www.europesays.com\/africa\/wp-json\/wp\/v2\/types\/post"}],"author":[{"embeddable":true,"href":"https:\/\/www.europesays.com\/africa\/wp-json\/wp\/v2\/users\/2"}],"replies":[{"embeddable":true,"href":"https:\/\/www.europesays.com\/africa\/wp-json\/wp\/v2\/comments?post=23029"}],"version-history":[{"count":0,"href":"https:\/\/www.europesays.com\/africa\/wp-json\/wp\/v2\/posts\/23029\/revisions"}],"wp:featuredmedia":[{"embeddable":true,"href":"https:\/\/www.europesays.com\/africa\/wp-json\/wp\/v2\/media\/23030"}],"wp:attachment":[{"href":"https:\/\/www.europesays.com\/africa\/wp-json\/wp\/v2\/media?parent=23029"}],"wp:term":[{"taxonomy":"category","embeddable":true,"href":"https:\/\/www.europesays.com\/africa\/wp-json\/wp\/v2\/categories?post=23029"},{"taxonomy":"post_tag","embeddable":true,"href":"https:\/\/www.europesays.com\/africa\/wp-json\/wp\/v2\/tags?post=23029"}],"curies":[{"name":"wp","href":"https:\/\/api.w.org\/{rel}","templated":true}]}}