{"id":23076,"date":"2026-01-14T14:45:07","date_gmt":"2026-01-14T14:45:07","guid":{"rendered":"https:\/\/www.europesays.com\/africa\/23076\/"},"modified":"2026-01-14T14:45:07","modified_gmt":"2026-01-14T14:45:07","slug":"180-e-pour-un-bagage-cabine-supplementaire","status":"publish","type":"post","link":"https:\/\/www.europesays.com\/africa\/23076\/","title":{"rendered":"180 \u20ac pour un bagage cabine suppl\u00e9mentaire"},"content":{"rendered":"<p class=\"p1\">Depuis le d\u00e9but de l\u2019ann\u00e9e 2026, la compagnie a\u00e9rienne nationale <a href=\"https:\/\/www.tsa-algerie.com\/air-algerie-4-nouvelles-destinations-prestigieuses-en-asie-et-au-moyen-orient\/\" rel=\"nofollow noopener\" target=\"_blank\">Air Alg\u00e9rie <\/a>veille avec, plus de fermet\u00e9, au respect strict de sa r\u00e9glementation li\u00e9e au voyage, conform\u00e9ment aux standards requis.<\/p>\n<p class=\"p1\">Air Alg\u00e9rie a durci, en effet, l\u2019application de sa <a href=\"https:\/\/www.tsa-algerie.com\/air-algerie-4-choses-a-savoir-avant-de-reserver-votre-billet-davion\/\" rel=\"nofollow noopener\" target=\"_blank\">politique bagage<\/a> cabine, en limitant strictement chaque passager \u00e0 un seul bagage \u00e0 main gratuit. La compagnie appliquera une taxe de 180 euros pour tout bagage suppl\u00e9mentaire ou non conforme au moment m\u00eame de l\u2019embarquement.<\/p>\n<p class=\"a-lire-box\" style=\"&#13;&#10;                    margin:20px 0;&#13;&#10;                    padding:12px 0;&#13;&#10;                    border-top:1px solid #ddd;&#13;&#10;                    border-bottom:1px solid #ddd;&#13;&#10;                    line-height:1.8;&#13;&#10;                 \">&#13;<br \/>\n                    A lire aussi :&#13;<br \/>\n                    <a href=\"https:\/\/www.tsa-algerie.com\/imane-khelif-dement-sa-retraite-et-accuse-son-ex-manager-de-trahison\/\" class=\"a-lire-link\" style=\"color:#000;text-decoration:none;font-weight:600;\" rel=\"nofollow noopener\" target=\"_blank\">&#13;<br \/>\n                        Imane Khelif d\u00e9ment sa retraite et accuse son ex-manager de trahison&#13;<br \/>\n                    <\/a>&#13;\n                <\/p>\n<p class=\"p1\">Cette mesure a surpris, ces derniers jours, de nombreux voyageurs qui ne s\u2019attendaient pas \u00e0 une telle intransigeance de la part des agents de la compagnie a\u00e9rienne. Les passagers qui choisissent les vols d\u2019Air Alg\u00e9rie avaient pour habitude de ne pas se limiter uniquement \u00e0 une seule pi\u00e8ce (bagage), en infraction des r\u00e8gles pour lesquelles le personnel \u00e0 bord n\u2019\u00e9tait pas particuli\u00e8rement intransigeant.<\/p>\n<p class=\"a-lire-box\" style=\"&#13;&#10;                    margin:20px 0;&#13;&#10;                    padding:12px 0;&#13;&#10;                    border-top:1px solid #ddd;&#13;&#10;                    border-bottom:1px solid #ddd;&#13;&#10;                    line-height:1.8;&#13;&#10;                 \">&#13;<br \/>\n                    A lire aussi :&#13;<br \/>\n                    <a href=\"https:\/\/www.tsa-algerie.com\/visas-diplomatiques-lalgerie-accuse-la-france-de-mauvaise-foi\/\" class=\"a-lire-link\" style=\"color:#000;text-decoration:none;font-weight:600;\" rel=\"nofollow noopener\" target=\"_blank\">&#13;<br \/>\n                        Visas diplomatiques : l\u2019Alg\u00e9rie accuse la France de \u00ab mauvaise foi \u00bb&#13;<br \/>\n                    <\/a>&#13;\n                <\/p>\n<p class=\"p1\">Une tol\u00e9rance que ne leur accordent pas, en revanche, les autres compagnies, faut-il le souligner. D\u00e9sormais, les agents d\u2019Air Alg\u00e9rie ne fermeront plus les yeux en cas de surplus de bagages \u00e0 main, en application des nouvelles directives de leur direction g\u00e9n\u00e9rale.\u00a0<\/p>\n<p>Air Alg\u00e9rie met fin \u00e0 sa g\u00e9nereuse politique bagage<\/p>\n<p class=\"p1\">Dans une note reprise largement sur les r\u00e9seaux sociaux, Air Alg\u00e9rie a inform\u00e9 ses passagers que tout bagage \u00e0 main non d\u00e9clar\u00e9 lors de l\u2019enregistrement pourrait engendrer des amendes pour son propri\u00e9taire.<\/p>\n<p class=\"a-lire-box\" style=\"&#13;&#10;                    margin:20px 0;&#13;&#10;                    padding:12px 0;&#13;&#10;                    border-top:1px solid #ddd;&#13;&#10;                    border-bottom:1px solid #ddd;&#13;&#10;                    line-height:1.8;&#13;&#10;                 \">&#13;<br \/>\n                    A lire aussi :&#13;<br \/>\n                    <a href=\"https:\/\/www.tsa-algerie.com\/lalgerie-instaure-un-triple-controle-des-importations\/\" class=\"a-lire-link\" style=\"color:#000;text-decoration:none;font-weight:600;\" rel=\"nofollow noopener\" target=\"_blank\">&#13;<br \/>\n                        L\u2019Alg\u00e9rie instaure\u00a0un triple contr\u00f4le\u00a0des\u00a0importations&#13;<br \/>\n                    <\/a>&#13;\n                <\/p>\n<p class=\"p1\">Chaque passager ne peut ainsi embarquer qu\u2019un seul bagage cabine gratuit, limit\u00e9 \u00e0 10 kg de 55 cm de largeur, 35 cm de hauteur et 25 cm d\u2019\u00e9paisseur.<\/p>\n<p class=\"p1\">Tout article suppl\u00e9mentaire, notamment une valise, un sac \u00e0 dos, sac de courses, sacoche volumineuse\u2026, est consid\u00e9r\u00e9 comme un bagage non pr\u00e9vu et sera envoy\u00e9, de mani\u00e8re syst\u00e9matique, en soute, \u00e0 la porte d\u2019embarquement et factur\u00e9 \u00e0 180 euros.<\/p>\n<p class=\"p1\">Quant au bagage enregistr\u00e9 en soute, il ne devra pas exc\u00e9der 158 cm et un poids inf\u00e9rieur ou \u00e9gal \u00e0 23 kg. Cette d\u00e9cision concerne aussi bien les vols domestiques que les vols internationaux op\u00e9r\u00e9s par Air Alg\u00e9rie.<\/p>\n<p class=\"p1\">Il est \u00e0 pr\u00e9ciser que cette note n\u2019est, en fait, qu\u2019un rappel des r\u00e8gles d\u00e9j\u00e0 mises en \u0153uvre par Air Alg\u00e9rie. La compagnie a modifi\u00e9 sa franchise bagage (le nombre de bagages enregistr\u00e9s) pour l\u2019ensemble de ses passagers. En soute, Air Alg\u00e9rie autorise une seule pi\u00e8ce de 23 kilos, contre 30 kilos auparavant. Et elle a pr\u00e9cis\u00e9 ces nouvelles directives pour les bagages \u00e0 main dans un communiqu\u00e9 rendu public le 1er juillet 2024.<\/p>\n<p class=\"p1\">Dans les standards d\u2019Air Alg\u00e9rie, chaque bagage \u00e0 main doit r\u00e9pondre \u00e0 des dimensions et \u00e0 un poids donn\u00e9 de sorte \u00e0 \u00eatre en conformit\u00e9 avec les endroits qui lui sont r\u00e9serv\u00e9s en avion.<\/p>\n<p class=\"p1\">Ces nouvelles limitations visent \u00e0 mieux encadrer le transport des bagages et \u00e0 fluidifier les op\u00e9rations \u00e0 l\u2019a\u00e9roport, a expliqu\u00e9 Air Alg\u00e9rie dans un communiqu\u00e9. Tout exc\u00e9dent de poids ou de nombre de bagages est, de ce fait, factur\u00e9 selon les tarifs en vigueur en application de la r\u00e9glementation. D\u2019o\u00f9 la n\u00e9cessit\u00e9 pour les passagers de v\u00e9rifier la conformit\u00e9 de leurs bagages avant leur arriv\u00e9e \u00e0 l\u2019a\u00e9roport.<\/p>\n<p class=\"p1\">\u00a0<\/p>\n","protected":false},"excerpt":{"rendered":"Depuis le d\u00e9but de l\u2019ann\u00e9e 2026, la compagnie a\u00e9rienne nationale Air Alg\u00e9rie veille avec, plus de fermet\u00e9, au&hellip;\n","protected":false},"author":2,"featured_media":23077,"comment_status":"","ping_status":"","sticky":false,"template":"","format":"standard","meta":{"footnotes":""},"categories":[254],"tags":[255],"class_list":{"0":"post-23076","1":"post","2":"type-post","3":"status-publish","4":"format-standard","5":"has-post-thumbnail","7":"category-algerie","8":"tag-algerie"},"share_on_mastodon":{"url":"","error":""},"_links":{"self":[{"href":"https:\/\/www.europesays.com\/africa\/wp-json\/wp\/v2\/posts\/23076","targetHints":{"allow":["GET"]}}],"collection":[{"href":"https:\/\/www.europesays.com\/africa\/wp-json\/wp\/v2\/posts"}],"about":[{"href":"https:\/\/www.europesays.com\/africa\/wp-json\/wp\/v2\/types\/post"}],"author":[{"embeddable":true,"href":"https:\/\/www.europesays.com\/africa\/wp-json\/wp\/v2\/users\/2"}],"replies":[{"embeddable":true,"href":"https:\/\/www.europesays.com\/africa\/wp-json\/wp\/v2\/comments?post=23076"}],"version-history":[{"count":0,"href":"https:\/\/www.europesays.com\/africa\/wp-json\/wp\/v2\/posts\/23076\/revisions"}],"wp:featuredmedia":[{"embeddable":true,"href":"https:\/\/www.europesays.com\/africa\/wp-json\/wp\/v2\/media\/23077"}],"wp:attachment":[{"href":"https:\/\/www.europesays.com\/africa\/wp-json\/wp\/v2\/media?parent=23076"}],"wp:term":[{"taxonomy":"category","embeddable":true,"href":"https:\/\/www.europesays.com\/africa\/wp-json\/wp\/v2\/categories?post=23076"},{"taxonomy":"post_tag","embeddable":true,"href":"https:\/\/www.europesays.com\/africa\/wp-json\/wp\/v2\/tags?post=23076"}],"curies":[{"name":"wp","href":"https:\/\/api.w.org\/{rel}","templated":true}]}}