{"id":232,"date":"2026-01-03T12:16:07","date_gmt":"2026-01-03T12:16:07","guid":{"rendered":"https:\/\/www.europesays.com\/africa\/232\/"},"modified":"2026-01-03T12:16:07","modified_gmt":"2026-01-03T12:16:07","slug":"outre-chergui-et-hadjam-un-autre-fennec-manque-a-lappel","status":"publish","type":"post","link":"https:\/\/www.europesays.com\/africa\/232\/","title":{"rendered":"Outre Chergui et Hadjam, un autre Fennec manque \u00e0 l\u2019appel"},"content":{"rendered":"<p style=\"text-align: justify;\" data-start=\"84\" data-end=\"411\">Apr\u00e8s une journ\u00e9e compl\u00e8te de repos accord\u00e9e par le staff technique, les joueurs de l\u2019\u00e9quipe d\u2019Alg\u00e9rie ont repris le travail ce vendredi afin d\u2019entamer la pr\u00e9paration du huiti\u00e8me de finale de la CAN 2025 face \u00e0 la R\u00e9publique d\u00e9mocratique du Congo. Une s\u00e9ance importante, marquant le d\u00e9but d\u2019une semaine d\u00e9cisive pour les Verts.<\/p>\n<p style=\"text-align: justify;\" data-start=\"413\" data-end=\"782\">Programm\u00e9e \u00e0 15h00, cette reprise a toutefois \u00e9t\u00e9 marqu\u00e9e par l\u2019absence de trois \u00e9l\u00e9ments. Sans surprise, Jaouen Hadjam et Samir Chergui n\u2019ont pas pris part \u00e0 l\u2019entra\u00eenement. Les deux joueurs poursuivent leur phase de convalescence afin de soigner les blessures contract\u00e9es lors du match face au Burkina Faso, disput\u00e9 lors de la deuxi\u00e8me journ\u00e9e de la phase de groupes.<\/p>\n<p style=\"text-align: justify;\" data-start=\"784\" data-end=\"1210\">Mais \u00e0 ces absences d\u00e9j\u00e0 connues s\u2019est ajout\u00e9e celle d\u2019un autre d\u00e9fenseur : Mohamed Amine Touga\u00ef. Titularis\u00e9 face \u00e0 la Guin\u00e9e \u00e9quatoriale, dans un match o\u00f9 Vladimir Petkovic avait choisi d\u2019op\u00e9rer une large rotation de son onze de d\u00e9part, le joueur de l\u2019ES Tunis n\u2019a pas pu aller au terme de la rencontre. Touch\u00e9 en cours de match, Touga\u00ef avait quitt\u00e9 la pelouse sur civi\u00e8re \u00e0 l\u2019heure de jeu, suscitant une certaine inqui\u00e9tude.<\/p>\n<p>Tougai incertain face \u00e0 la RD Congo<\/p>\n<p style=\"text-align: justify;\" data-start=\"1212\" data-end=\"1620\">En conf\u00e9rence de presse d\u2019apr\u00e8s-match, le s\u00e9lectionneur alg\u00e9rien avait toutefois tenu \u00e0 rassurer : \u00ab D\u2019apr\u00e8s les premi\u00e8res informations, cela ne devrait rien \u00eatre de grave. Il a ressenti une petite g\u00eane et a pr\u00e9f\u00e9r\u00e9 s\u2019arr\u00eater par pr\u00e9caution. Nous esp\u00e9rons que cela ne n\u00e9cessitera pas d\u2019examen m\u00e9dicaux. Nous attendrons encore un ou deux jours pour en savoir plus. Esp\u00e9rons que ce ne soit rien de s\u00e9rieux. \u00bb<\/p>\n<p style=\"text-align: justify;\" data-start=\"1622\" data-end=\"1951\" data-is-last-node=\"\" data-is-only-node=\"\">Deux jours plus tard, la situation de Mohamed Amine Touga\u00ef semble n\u00e9anmoins n\u00e9cessiter un temps de repos suppl\u00e9mentaire. Reste d\u00e9sormais \u00e0 savoir si le d\u00e9fenseur alg\u00e9rien sera en mesure de tenir sa place pour le choc face \u00e0 la RD Congo, pr\u00e9vu mardi prochain, ou si le staff devra composer sans lui lors de ce rendez-vous d\u00e9cisif.<\/p>\n<p>LIRE EGALEMENT : <a href=\"https:\/\/lagazettedufennec.com\/algerie-can-2025-de-bonnes-nouvelles-concernant-hadjam-et-chergui\/\" rel=\"nofollow noopener\" target=\"_blank\">Alg\u00e9rie \/ CAN 2025 : De bonnes nouvelles concernant Hadjam et Chergui<\/a><\/p>\n","protected":false},"excerpt":{"rendered":"Apr\u00e8s une journ\u00e9e compl\u00e8te de repos accord\u00e9e par le staff technique, les joueurs de l\u2019\u00e9quipe d\u2019Alg\u00e9rie ont repris&hellip;\n","protected":false},"author":2,"featured_media":233,"comment_status":"","ping_status":"","sticky":false,"template":"","format":"standard","meta":{"footnotes":""},"categories":[254],"tags":[255,313,314,315,316,317,318,319,320],"class_list":{"0":"post-232","1":"post","2":"type-post","3":"status-publish","4":"format-standard","5":"has-post-thumbnail","7":"category-algerie","8":"tag-algerie","9":"tag-algu00e9rie","10":"tag-algu00e9rie-can-2025","11":"tag-amine-tougai","12":"tag-chergui","13":"tag-hadjam","14":"tag-tougai","15":"tag-tougai-algu00e9rie","16":"tag-tougai-can"},"share_on_mastodon":{"url":"","error":""},"_links":{"self":[{"href":"https:\/\/www.europesays.com\/africa\/wp-json\/wp\/v2\/posts\/232","targetHints":{"allow":["GET"]}}],"collection":[{"href":"https:\/\/www.europesays.com\/africa\/wp-json\/wp\/v2\/posts"}],"about":[{"href":"https:\/\/www.europesays.com\/africa\/wp-json\/wp\/v2\/types\/post"}],"author":[{"embeddable":true,"href":"https:\/\/www.europesays.com\/africa\/wp-json\/wp\/v2\/users\/2"}],"replies":[{"embeddable":true,"href":"https:\/\/www.europesays.com\/africa\/wp-json\/wp\/v2\/comments?post=232"}],"version-history":[{"count":0,"href":"https:\/\/www.europesays.com\/africa\/wp-json\/wp\/v2\/posts\/232\/revisions"}],"wp:featuredmedia":[{"embeddable":true,"href":"https:\/\/www.europesays.com\/africa\/wp-json\/wp\/v2\/media\/233"}],"wp:attachment":[{"href":"https:\/\/www.europesays.com\/africa\/wp-json\/wp\/v2\/media?parent=232"}],"wp:term":[{"taxonomy":"category","embeddable":true,"href":"https:\/\/www.europesays.com\/africa\/wp-json\/wp\/v2\/categories?post=232"},{"taxonomy":"post_tag","embeddable":true,"href":"https:\/\/www.europesays.com\/africa\/wp-json\/wp\/v2\/tags?post=232"}],"curies":[{"name":"wp","href":"https:\/\/api.w.org\/{rel}","templated":true}]}}