{"id":23326,"date":"2026-01-14T17:23:08","date_gmt":"2026-01-14T17:23:08","guid":{"rendered":"https:\/\/www.europesays.com\/africa\/23326\/"},"modified":"2026-01-14T17:23:08","modified_gmt":"2026-01-14T17:23:08","slug":"le-maroc-fait-croire-que-lalgerie-na-pas-ete-lesee-a-la-can-2025","status":"publish","type":"post","link":"https:\/\/www.europesays.com\/africa\/23326\/","title":{"rendered":"Le Maroc fait croire que l&#8217;Alg\u00e9rie n&#8217;a pas \u00e9t\u00e9 l\u00e9s\u00e9e \u00e0 la CAN 2025"},"content":{"rendered":"<p style=\"text-align: justify\">Depuis le d\u00e9but de la CAN 2025 (21 d\u00e9cembre \u2013 18 janvier) au Maroc, on recense des erreurs d\u2019arbitrage dans certaines rencontres dont le quart de finale Alg\u00e9rie \u2013 Nig\u00e9ria. Lors de ce duel, les Fennecs devaient b\u00e9n\u00e9ficier d\u2019un penalty \u00e9vident non-siffl\u00e9 par Issa Sy et zapp\u00e9 par Pierre Atcho \u00e0 la VAR. Ce fait de jeu aurait pu changer le cours de la partie. Cependant, le pays h\u00f4te cherche \u00e0 d\u00e9sinformer \u00e0 ce sujet. Des relais m\u00e9diatiques locaux ont dress\u00e9 un tableau sur les d\u00e9cisions des arbitres approximatives. Le but principal est de faire croire que les Lions de l\u2019Atlas sont les premiers \u00e0 en souffrir. L\u2019id\u00e9e est que tout le monde abande dans le m\u00eame sens. D\u2019ailleurs, Walid Regragui, le s\u00e9lectionneur marocain, a d\u00e9j\u00e0 \u00e9voqu\u00e9 cela pour d\u00e9cr\u00e9dibiliser ce constat bien qu\u2019\u00e9vident.<\/p>\n<p>Il ne s\u2019en plaint pas parce qu\u2019il est toujours en vie dans la comp\u00e9tition. Avant d\u2019affronter les Nig\u00e9rians ce soir (21h00), Regragui a estim\u00e9, en conf\u00e9rence d\u2019avant-match mardi, que \u00ab les pol\u00e9miques sur l\u2019arbitrage c\u2019est toujours dommage d\u2019aller dans ce chemin-l\u00e0. On est un bon continent, on travaille bien. Sur le continent africain, sans langue de bois, \u00e7a ne date pas d\u2019hier les pol\u00e9miques etc. C\u2019est aux journalistes de faire leur travail. En Europe, je regarde les matches c\u2019est les m\u00eames pol\u00e9miques. Mais comme c\u2019est l\u2019Afrique, on veut faire toujours amplifier. Moi je serais toujours le plus grand d\u00e9fenseur de mon continent. \u00bb Un \u201ctout va tr\u00e8s bien, madame la marquise\u201d version marocaine qui vise \u00e0 cacher des interf\u00e9rences patentes dans le r\u00f4le des referees qui se retrouvent \u00e0 arbitrer \u00e0 la carte.<\/p>\n<p>Les penaltys repr\u00e9sentent un pr\u00e9judice absolu<\/p>\n<p>Pire encore, le Maroc cherche \u00e0 faire croire que m\u00eame lui est victime des directeurs du jeu. Ainsi, un rapport suppos\u00e9ment d\u00e9taill\u00e9s r\u00e9v\u00e8le que le B\u00e9nin est le plus handicap\u00e9 par les erreurs d\u2019arbitrage dans cette CAN 2025 avec 15 erreurs au total tout comme le\u2026 Maroc et le Mali. L\u2019Alg\u00e9rie n\u2019est qu\u2019\u00e0 la 12e position sur les 24 participants avec 10 mauvaises d\u00e9cisions prises \u00e0 son \u00e9gard. Le bilan en question consid\u00e8re les potentiels penaltys, les coups francs non siffl\u00e9s dans les 30 derniers m\u00e8tres, les faits de jeu non-consult\u00e9s par la VAR ainsi que la d\u00e9faillance dudit dispositif.<\/p>\n<p>Par cons\u00e9quent, le degr\u00e9 d\u2019erreur n\u2019est pas le m\u00eame. En effet, les penaltys restent les opportunit\u00e9s les plus concr\u00e8tes pour scorer parmi les crit\u00e8res \u00e9voqu\u00e9s. L\u2019Alg\u00e9rie compte 3 penaltys potentiels et 4 faits non-consult\u00e9s par la VAR soit 7 erreurs importantes sur 11 signal\u00e9s. D\u00e8s lors, le pr\u00e9judice est plus cons\u00e9quent pour les prot\u00e9g\u00e9s de Vladimir Petkovic. La mettre en 12e position de ce tableau n\u2019est qu\u2019une nouvelle aberration tant les autres erreurs signal\u00e9es auraient pu donner un avantage imm\u00e9diat aux camarades de Riyad Mahrez. Ainsi, ce classement est clairement biais\u00e9.<\/p>\n<p>Le tableau des erreurs d\u2019arbitrage<\/p>\n<p><img fetchpriority=\"high\" decoding=\"async\" class=\"aligncenter wp-image-202132 size-full\" title=\"Tabelau d'erreurs d'arbitrage Maroc CAN 2025\" src=\"https:\/\/www.europesays.com\/africa\/wp-content\/uploads\/2026\/01\/FB_IMG_1768299914233.jpg\" alt=\"Tabelau d'erreurs d'arbitrage Maroc CAN 2025\" width=\"1440\" height=\"1800\"  \/><\/p>\n","protected":false},"excerpt":{"rendered":"Depuis le d\u00e9but de la CAN 2025 (21 d\u00e9cembre \u2013 18 janvier) au Maroc, on recense des erreurs&hellip;\n","protected":false},"author":2,"featured_media":23327,"comment_status":"","ping_status":"","sticky":false,"template":"","format":"standard","meta":{"footnotes":""},"categories":[41],"tags":[9239,654,179,10480,965,158,13547,292,14385,1271,413],"class_list":{"0":"post-23326","1":"post","2":"type-post","3":"status-publish","4":"format-standard","5":"has-post-thumbnail","7":"category-maroc","8":"tag-algu00e9rie-nigu00e9ria-arbitrage","9":"tag-benin","10":"tag-can-2025","11":"tag-issa-sy","12":"tag-mali","13":"tag-maroc","14":"tag-pierre-atcho","15":"tag-riyad-mahrez","16":"tag-var","17":"tag-vladimir-petkovic","18":"tag-walid-regragui"},"share_on_mastodon":{"url":"","error":""},"_links":{"self":[{"href":"https:\/\/www.europesays.com\/africa\/wp-json\/wp\/v2\/posts\/23326","targetHints":{"allow":["GET"]}}],"collection":[{"href":"https:\/\/www.europesays.com\/africa\/wp-json\/wp\/v2\/posts"}],"about":[{"href":"https:\/\/www.europesays.com\/africa\/wp-json\/wp\/v2\/types\/post"}],"author":[{"embeddable":true,"href":"https:\/\/www.europesays.com\/africa\/wp-json\/wp\/v2\/users\/2"}],"replies":[{"embeddable":true,"href":"https:\/\/www.europesays.com\/africa\/wp-json\/wp\/v2\/comments?post=23326"}],"version-history":[{"count":0,"href":"https:\/\/www.europesays.com\/africa\/wp-json\/wp\/v2\/posts\/23326\/revisions"}],"wp:featuredmedia":[{"embeddable":true,"href":"https:\/\/www.europesays.com\/africa\/wp-json\/wp\/v2\/media\/23327"}],"wp:attachment":[{"href":"https:\/\/www.europesays.com\/africa\/wp-json\/wp\/v2\/media?parent=23326"}],"wp:term":[{"taxonomy":"category","embeddable":true,"href":"https:\/\/www.europesays.com\/africa\/wp-json\/wp\/v2\/categories?post=23326"},{"taxonomy":"post_tag","embeddable":true,"href":"https:\/\/www.europesays.com\/africa\/wp-json\/wp\/v2\/tags?post=23326"}],"curies":[{"name":"wp","href":"https:\/\/api.w.org\/{rel}","templated":true}]}}