{"id":23347,"date":"2026-01-14T17:40:12","date_gmt":"2026-01-14T17:40:12","guid":{"rendered":"https:\/\/www.europesays.com\/africa\/23347\/"},"modified":"2026-01-14T17:40:12","modified_gmt":"2026-01-14T17:40:12","slug":"le-ministere-de-la-transition-numerique-adopte-la-fusion-ai-factory-souveraine-daba-technology","status":"publish","type":"post","link":"https:\/\/www.europesays.com\/africa\/23347\/","title":{"rendered":"Le minist\u00e8re de la Transition num\u00e9rique adopte la Fusion AI Factory souveraine d\u2019ABA Technology"},"content":{"rendered":"<p style=\"text-align: justify;\" data-start=\"309\" data-end=\"687\">Le minist\u00e8re de la Transition num\u00e9rique et de la R\u00e9forme de l\u2019Administration a officialis\u00e9 l\u2019adoption de la Fusion AI Factory souveraine, \u00e0 la suite de la signature d\u2019une convention avec ABA Technology. Cette d\u00e9marche marque une \u00e9tape importante dans la mise en place d\u2019une intelligence artificielle publique con\u00e7ue, h\u00e9berg\u00e9e et gouvern\u00e9e int\u00e9gralement au Maroc.<\/p>\n<p style=\"text-align: justify;\" data-start=\"689\" data-end=\"1090\">\u00c0 travers cette initiative, l\u2019\u00c9tat se dote d\u2019une capacit\u00e9 industrielle op\u00e9rationnelle d\u00e9di\u00e9e \u00e0 l\u2019intelligence artificielle, \u00e0 l\u2019Internet des objets et \u00e0 l\u2019automatisation avanc\u00e9e des processus administratifs. L\u2019ensemble du dispositif repose sur une infrastructure locale, s\u00e9curis\u00e9e et ma\u00eetris\u00e9e, sans recours \u00e0 des plateformes cloud \u00e9trang\u00e8res, garantissant ainsi la souverainet\u00e9 des donn\u00e9es publiques.<\/p>\n<p>Une capacit\u00e9 industrielle au service de l\u2019IA publique<\/p>\n<p style=\"text-align: justify;\" data-start=\"1151\" data-end=\"1538\">La Fusion AI Factory souveraine permet de transformer les besoins des administrations en solutions concr\u00e8tes, directement d\u00e9ployables. Elle offre un cadre structur\u00e9 pour concevoir, tester et industrialiser des projets d\u2019intelligence artificielle \u00e0 l\u2019\u00e9chelle de l\u2019\u00c9tat, tout en respectant les exigences de s\u00e9curit\u00e9, de gouvernance et de responsabilit\u00e9 humaine propres \u00e0 l\u2019action publique.<\/p>\n<p>Trois piliers structurants<\/p>\n<p style=\"text-align: justify;\" data-start=\"1572\" data-end=\"2031\">Le dispositif s\u2019articule autour de trois axes compl\u00e9mentaires. D\u2019abord, le d\u00e9veloppement de cas d\u2019usage AI-Gov cibl\u00e9s, port\u00e9s par des \u00e9quipes pluridisciplinaires charg\u00e9es de traduire les besoins des administrations en projets mesurables et industrialisables. Une phase pilote est engag\u00e9e autour de cinq projets structurants, notamment dans l\u2019aide \u00e0 la d\u00e9cision publique, avec un encadrement strict des principes \u00e9thiques et de la responsabilit\u00e9 humaine.<\/p>\n<p style=\"text-align: justify;\" data-start=\"2033\" data-end=\"2339\">Ensuite, la mise \u00e0 disposition de la plateforme Fusion AI, une solution d\u2019automatisation et d\u2019orchestration d\u2019intelligence artificielle dite agentique, enti\u00e8rement marocaine. Cette plateforme int\u00e8gre une data platform op\u00e9rationnelle, d\u00e9j\u00e0 \u00e9prouv\u00e9e dans plusieurs secteurs au Maroc et \u00e0 l\u2019international.<\/p>\n<p style=\"text-align: justify;\" data-start=\"2341\" data-end=\"2657\">Enfin, le d\u00e9ploiement d\u2019infrastructures souveraines GPU, CPU et Edge, localis\u00e9es sur le territoire national. Ces ressources, sp\u00e9cifiquement adapt\u00e9es aux usages de l\u2019IA, sont mises \u00e0 disposition sans investissement initial en capital, tout en assurant la ma\u00eetrise nationale des donn\u00e9es et des capacit\u00e9s de calcul.<\/p>\n<p>Un choix strat\u00e9gique assum\u00e9<\/p>\n<p style=\"text-align: justify;\" data-start=\"2692\" data-end=\"3114\">\u00c0 travers cette convention, ABA Technology s\u2019inscrit pleinement dans la strat\u00e9gie nationale de souverainet\u00e9 num\u00e9rique et de s\u00e9curisation des technologies critiques.<\/p>\n<p style=\"text-align: justify;\" data-start=\"2692\" data-end=\"3114\">Le projet vise \u00e9galement \u00e0 valoriser le capital humain, \u00e0 moderniser les mod\u00e8les op\u00e9rationnels des institutions publiques et, \u00e0 terme, des entreprises, tout en renfor\u00e7ant le lien entre innovation technologique, d\u00e9veloppement \u00e9conomique et inclusion sociale.<\/p>\n","protected":false},"excerpt":{"rendered":"Le minist\u00e8re de la Transition num\u00e9rique et de la R\u00e9forme de l\u2019Administration a officialis\u00e9 l\u2019adoption de la Fusion&hellip;\n","protected":false},"author":2,"featured_media":23348,"comment_status":"","ping_status":"","sticky":false,"template":"","format":"standard","meta":{"footnotes":""},"categories":[41],"tags":[14394,14395,4846,158,14396,14397],"class_list":{"0":"post-23347","1":"post","2":"type-post","3":"status-publish","4":"format-standard","5":"has-post-thumbnail","7":"category-maroc","8":"tag-aba-technology","9":"tag-fusion-ai-factory-souveraine","10":"tag-innovation","11":"tag-maroc","12":"tag-ministere-de-la-transition-numerique","13":"tag-technologie"},"share_on_mastodon":{"url":"","error":""},"_links":{"self":[{"href":"https:\/\/www.europesays.com\/africa\/wp-json\/wp\/v2\/posts\/23347","targetHints":{"allow":["GET"]}}],"collection":[{"href":"https:\/\/www.europesays.com\/africa\/wp-json\/wp\/v2\/posts"}],"about":[{"href":"https:\/\/www.europesays.com\/africa\/wp-json\/wp\/v2\/types\/post"}],"author":[{"embeddable":true,"href":"https:\/\/www.europesays.com\/africa\/wp-json\/wp\/v2\/users\/2"}],"replies":[{"embeddable":true,"href":"https:\/\/www.europesays.com\/africa\/wp-json\/wp\/v2\/comments?post=23347"}],"version-history":[{"count":0,"href":"https:\/\/www.europesays.com\/africa\/wp-json\/wp\/v2\/posts\/23347\/revisions"}],"wp:featuredmedia":[{"embeddable":true,"href":"https:\/\/www.europesays.com\/africa\/wp-json\/wp\/v2\/media\/23348"}],"wp:attachment":[{"href":"https:\/\/www.europesays.com\/africa\/wp-json\/wp\/v2\/media?parent=23347"}],"wp:term":[{"taxonomy":"category","embeddable":true,"href":"https:\/\/www.europesays.com\/africa\/wp-json\/wp\/v2\/categories?post=23347"},{"taxonomy":"post_tag","embeddable":true,"href":"https:\/\/www.europesays.com\/africa\/wp-json\/wp\/v2\/tags?post=23347"}],"curies":[{"name":"wp","href":"https:\/\/api.w.org\/{rel}","templated":true}]}}