{"id":23362,"date":"2026-01-14T17:50:10","date_gmt":"2026-01-14T17:50:10","guid":{"rendered":"https:\/\/www.europesays.com\/africa\/23362\/"},"modified":"2026-01-14T17:50:10","modified_gmt":"2026-01-14T17:50:10","slug":"la-coupe-dafrique-aurait-pu-mouvrir-plus-de-portes","status":"publish","type":"post","link":"https:\/\/www.europesays.com\/africa\/23362\/","title":{"rendered":"La Coupe d&#8217;Afrique aurait pu m&#8217;ouvrir plus de portes"},"content":{"rendered":"<p>                    Par<\/p>\n<p>            <a href=\"https:\/\/actu.fr\/auteur\/redaction-sportacaen\" title=\"Consulter tous les articles de R\u00e9daction Sport \u00e0 Caen\" rel=\"nofollow noopener\" target=\"_blank\">R\u00e9daction Sport \u00e0 Caen<\/a><\/p>\n<p>        Publi\u00e9 le<\/p>\n<p>            14 janv. 2026 \u00e0 17h28        <\/p>\n<p>\u00catre l\u2019\u00e9ducateur des U16 de la Berrichonne de Ch\u00e2teauroux n\u2019emp\u00eache pas Emmanuel Imorou de suivre la Coupe d\u2019Afrique des Nations avec une certaine assiduit\u00e9. \u00ab\u00a0Si pendant quelques jours, j\u2019ai \u00e9t\u00e9 intervenant pour Winamax, je reste un spectateur lambda, temp\u00e8re-t-il. Avec quatre matchs par jour, ce n\u2019\u00e9tait pas \u00e9vident de tous les suivre. Cela d\u00e9pend vraiment de mon emploi du temps mais les matchs que je ne peux pas voir, soit j\u2019en regarde le r\u00e9sum\u00e9, soit j\u2019en suis le score sur les applications.\u00a0\u00bb\u00a0<\/p>\n<p class=\" wall-content\">Ses favoris ? D\u2019abord, le Nig\u00e9ria, qualifi\u00e9 pour les demi-finales de la comp\u00e9tition apr\u00e8s <a href=\"https:\/\/actu.fr\/normandie\/caen_14118\/sm-caen-lalgerie-eliminee-de-la-can-anthony-mandrea-devrait-etre-apte-a-jouer-contre-concarneau_63682262.html\" rel=\"nofollow noopener\" target=\"_blank\">sa victoire contre l\u2019Alg\u00e9rie<\/a>.\u00a0<\/p>\n<p>Une \u00e9quipe qui, avec ses deux attaquants [Lookmann, Osimhen, ndlr], m\u2019a fait tr\u00e8s forte impression. Le seul regret qu\u2019on peut avoir, c\u2019est qu\u2019il n\u2019y ait pas eu une seule surprise. Les phases de poules ont \u00e9t\u00e9 comme un \u00e9chauffement pour les grosses \u00e9quipes. Sur les matchs \u00e0 \u00e9limination directe, avec le stress et les \u00e9motions, on est entr\u00e9 dans autre chose.<\/p>\n<p>Emmanuel Imorou, ancien international b\u00e9ninois<br \/>\n    <a href=\"https:\/\/www.facebook.com\/plugins\/post.php?href=https%3A%2F%2Fwww.facebook.com%2FTOCLOMETI1%2Fposts%2Fpfbid0K1xxLYnuyoMMqNK4BAzCzbSDC4MDCEyjtBNhqWh9iufnzCwW91x3un9L3ddPb2r1l&amp;show_text=true&amp;width=350\" title=\"Ouvrie le lien\" rel=\"nofollow noopener\" target=\"_blank\">Cliquez ici pour visualiser le contenu<\/a><\/p>\n<p class=\" wall-content\">Autre favori, le S\u00e9n\u00e9gal, r\u00e9cent vainqueur du Mali. \u00ab\u00a0Avec de tr\u00e8s bons joueurs \u00e0 chaque ligne, l\u2019\u00e9quipe la mieux arm\u00e9e et la plus coh\u00e9rente\u00ab\u00a0. Au tout d\u00e9but de leur parcours, les Lions de la Teranga avaient justement crois\u00e9 la route des \u00c9cureuils du B\u00e9nin dont Emmanuel Imorou a port\u00e9 les couleurs pendant pr\u00e8s d\u2019une d\u00e9cennie (2010-2019).<\/p>\n<p class=\" wall-content\">\u00ab\u00a0Je m\u2019attendais \u00e0 plus. Comme nous n\u2019avions aucune pression sur ce match, j\u2019aurais aim\u00e9 que nous montrions davantage de jeu. Je suis un peu d\u00e9\u00e7u.\u00a0\u00bb Pour les troupes de Gernot Rohr, battues par l\u2019\u00c9gypte d\u00e8s les huiti\u00e8mes de finale, la Coupe d\u2019Afrique des Nations est d\u2019ores et d\u00e9j\u00e0 termin\u00e9e. Un parcours n\u00e9anmoins historique. En dominant le Botswana gr\u00e2ce \u00e0 un but de Yohan Roche, le B\u00e9nin a, en effet, d\u00e9croch\u00e9 la premi\u00e8re victoire de son histoire dans la comp\u00e9tition.<\/p>\n<p>Nous aurions eu tout \u00e0 gagner \u00e0 cr\u00e9er la surprise mais le premier objectif, \u00e0 savoir sortir des poules, a \u00e9t\u00e9 atteint. Avoir \u00e0 disputer un troisi\u00e8me match sans enjeu, pour nous, c\u2019\u00e9tait un vrai luxe. Quelque chose de tr\u00e8s fort.<\/p>\n<p>Emmanuel Imorou, ancien international b\u00e9ninois<\/p>\n<p>Votre r\u00e9gion, votre actu !<\/p>\n<p>Recevez chaque jour les infos qui comptent pour vous.<\/p>\n<p>\t<a href=\"https:\/\/actu.fr\/newsletter\" class=\"ac-btn ac-btn--corner ac-btn--medium ac-btn--blue800\" rel=\"nofollow noopener\" target=\"_blank\">S&#8217;incrire<\/a><br \/>\n\u00ab\u00a0Un grand moment de ma carri\u00e8re\u00a0\u00bb<\/p>\n<p class=\" wall-content\">Retour au 5 janvier 2010. Sur la pelouse du Stade de l\u2019Amiti\u00e9 (Cotonou), Emmanuel Imorou honore la premi\u00e8re de ses vingt-trois s\u00e9lections au terme d\u2019un match amical difficilement remport\u00e9 contre la Libye.\u00a0<\/p>\n<p>Je n\u2019\u00e9tais jamais \u00e9t\u00e9 l\u00e0-bas mais c\u2019est tout de m\u00eame le pays de mon p\u00e8re. J\u2019avais d\u00e9j\u00e0 eu quelques contacts quand j\u2019\u00e9tais au centre de formation. Ils s\u2019\u00e9taient intensifi\u00e9s quand j\u2019\u00e9tais pass\u00e9 professionnel mais, \u00e0 l\u2019\u00e9poque, ma priorit\u00e9 \u00e9tait de gagner du temps de jeu avec mon club.\u00a0<\/p>\n<p>Emmanuel Imorou, ancien international b\u00e9ninois<\/p>\n<p class=\" wall-content\">\u00c0 savoir le Gueugnon FC qui, dans la douleur, red\u00e9couvre le National. \u00ab\u00a0Le club, c\u2019est notre quotidien alors qu\u2019avec la s\u00e9lection, on ne joue pas que pour soi. C\u2019est difficile \u00e0 d\u00e9crire. Les hymnes sont toujours un moment tr\u00e8s fort. Avec tout ce que cela repr\u00e9sente, c\u2019en est difficile \u00e0 expliquer.\u00a0\u00bb\u00a0<\/p>\n<p>    <a href=\"https:\/\/www.facebook.com\/plugins\/post.php?href=https%3A%2F%2Fwww.facebook.com%2FFebefootOfficiel%2Fposts%2Fpfbid0SvKXy9R2M8vBJu4z1snjctk4vu3dHv8qae5hypicMX3CLg9KB78g3NyHf6ujY6aXl&amp;show_text=true&amp;width=350\" title=\"Ouvrie le lien\" rel=\"nofollow noopener\" target=\"_blank\">Cliquez ici pour visualiser le contenu<\/a><\/p>\n<p class=\" wall-content\">Dans le vestiaire, il retrouve un ancien Malherbiste, Jordan Ad\u00e9oti, qui, depuis, fait les beaux jours de l\u2019AJ Auxerre. \u00ab\u00a0Plusieurs d\u2019entre nous commen\u00e7aient \u00e0 avoir une carri\u00e8re coh\u00e9rente. Renforc\u00e9e par plusieurs jeunes joueurs, cette g\u00e9n\u00e9ration jouait ensemble depuis quelques ann\u00e9es. Nous nous connaissions parfaitement.\u00a0\u00bb<\/p>\n<p class=\" wall-content\">Les Gu\u00e9pards du B\u00e9nin \u2013 telle que l\u2019\u00e9quipe a \u00e9t\u00e9 rebaptis\u00e9e en 2021 \u2013 sont alors emmen\u00e9s par le milieu de terrain du Paris SG, St\u00e9phane Sessegnon. \u00ab\u00a0Il portait l\u2019\u00e9quipe sur son dos. Sachant que nous n\u2019avions pas le collectif que peuvent avoir les grandes nations du continent. Il avait de l\u2019impact sur nos adversaires. Ses qualit\u00e9s individuelles lui permettaient de nous sortir de situations difficiles.\u00a0\u00bb\u00a0<\/p>\n<p class=\" wall-content\">Comme face aux Fennecs alg\u00e9riens que les B\u00e9ninois battent au cours des phases qualificatives de la Coupe d\u2019Afrique des Nations 2019 qui doit faire escale en \u00c9gypte. Habituellement buteur, il se mue en passeur d\u00e9cisif pour Sessi d\u2019Almeida.\u00a0<\/p>\n<p>St\u00e9phane \u00e9tait capable de ce genre d\u2019exploit pour qu\u2019un match comme celui-ci bascule en notre faveur. Un grand moment de ma carri\u00e8re. L\u2019Alg\u00e9rie, ce n\u2019est pas un adversaire lambda. Ce n\u2019est pas tous les quatre matins qu\u2019on a une chance de gagner contre elle.\u00a0<\/p>\n<p>Emmanuel Imorou, ancien international b\u00e9ninois\u00ab\u00a0Comme une r\u00e9compense\u00a0\u00bb<\/p>\n<p class=\" wall-content\">Un exploit annonciateur. Avec trois matchs nuls (Ghana, Guin\u00e9e, Cameroun), le B\u00e9nin parvient \u00e0 s\u2019extirper de la phase de groupes.\u00a0<\/p>\n<p>Ce qui \u00e9tait l\u2019objectif qu\u2019on s\u2019\u00e9tait donn\u00e9. On savait qu\u2019avec une seule victoire, la place de meilleur troisi\u00e8me \u00e9tait \u00e0 notre port\u00e9e. On avait tout mis\u00e9 sur le deuxi\u00e8me match, contre la Guin\u00e9e, et, finalement, on \u00e9tait d\u00e9\u00e7u du r\u00e9sultat. On avait le sentiment d\u2019avoir laiss\u00e9 passer notre chance.<\/p>\n<p>Emmanuel Imorou, ancien international b\u00e9ninois<br \/>\n    <a href=\"https:\/\/www.facebook.com\/plugins\/video.php?height=476&amp;href=https%3A%2F%2Fwww.facebook.com%2Freel%2F890115993352241%2F&amp;show_text=true&amp;width=350&amp;t=0\" title=\"Ouvrie le lien\" rel=\"nofollow noopener\" target=\"_blank\">Cliquez ici pour visualiser le contenu<\/a><\/p>\n<p class=\" wall-content\">Une premi\u00e8re pour le pays en quatre participations au tournoi. \u00ab\u00a0Nous \u00e9tions dans notre bulle. M\u00eame si nous n\u2019\u00e9tions pas sur place, en voyant des vid\u00e9os sur les r\u00e9seaux sociaux, on a compris qu\u2019il se passait quelque chose chez nous.\u00a0\u00bb Cerise sur le g\u00e2teau : bien que r\u00e9duits \u00e0 dix, les co\u00e9quipiers d\u2019Emmanuel Imorou sortent le Maroc en huiti\u00e8mes de finale. Hakim Ziyech avait notamment rat\u00e9 son p\u00e9nalty.\u00a0<\/p>\n<p>Ce match, c\u2019\u00e9tait comme une r\u00e9compense pour nous. Il restera grav\u00e9 dans ma m\u00e9moire. Face \u00e0 une belle \u00e9quipe, on avait bien tenu et bien bataill\u00e9. Je tombe encore sur des vid\u00e9os ou on m\u2019envoie encore des messages pour m\u2019en parler. C\u2019est toujours tr\u00e8s beau et tr\u00e8s sympa.<\/p>\n<p>Emmanuel Imorou, ancien international b\u00e9ninois<\/p>\n<p class=\" wall-content\">Avant d\u2019\u00eatre finalement \u00e9limin\u00e9, au tour suivant, par le S\u00e9n\u00e9gal. \u00ab\u00a0Ce qui n\u2019est, au fond, pas une surprise. Ce match, si on le joue dix fois, on le perd dix fois m\u00eame si, sur les matchs \u00e0 \u00e9limination directe, tout est possible. La Zambie l\u2019avait bien fait. Pourquoi pas nous ? Il faut prendre du recul. Il y a bien d\u2019autres matchs qui m\u2019ont laiss\u00e9 plus de regrets. Comme la rel\u00e9gation avec le SM Caen qui m\u2019a longtemps tracass\u00e9.\u00a0\u00bb<\/p>\n<p>    <a href=\"https:\/\/www.facebook.com\/plugins\/post.php?href=https%3A%2F%2Fwww.facebook.com%2FFebefootOfficiel%2Fposts%2Fpfbid02CVzGytkmThTVzugzbeoTqFxUVHqHw3fcVHGkwExCtJFx73v5uQJ8hHEbjxRfwdYCl&amp;show_text=true&amp;width=350\" title=\"Ouvrie le lien\" rel=\"nofollow noopener\" target=\"_blank\">Cliquez ici pour visualiser le contenu<\/a><\/p>\n<p class=\" wall-content\">Le retour \u00e0 la r\u00e9alit\u00e9 est enfin loin d\u2019\u00eatre facile. Pour le pays d\u2019abord. \u00ab\u00a0Est-ce que notre statut a chang\u00e9 ? Pas s\u00fbr. Pour cela, il faudra se qualifier et sortir des poules \u00e0 chaque Coupe d\u2019Afrique. Il nous reste encore du travail. Nous restons une petite nation qui n\u2019a pas les structures d\u2019un grand pays. Nous partons de plus loin\u00a0\u00bb.\u00a0\u00bb\u00a0<\/p>\n<p class=\" wall-content\">Et pour Emmanuel Imorou, lui-m\u00eame en fin de contrat avec le SM Caen cette ann\u00e9e-l\u00e0.<\/p>\n<p>J\u2019ai bien eu quelques opportunit\u00e9s. En Iran, en Gr\u00e8ce ou en Hongrie mais rien qui ne m\u2019ait int\u00e9ress\u00e9. J\u2019ai quitt\u00e9 le monde professionnel alors que cela aurait pu m\u2019ouvrir plus de portes.\u00a0<\/p>\n<p>Emmanuel Imorou, ancien international b\u00e9ninois<\/p>\n<p class=\" wall-content\">Il rebondira finalement au Cercle Bruges puis \u00e0 l\u2019Evian-Thonon GGFC.\u00a0<\/p>\n<p class=\" wall-content\">Par notre correspondant Quentin LEMOINE<\/p>\n<p class=\" wall-content\">Personnalisez votre actualit\u00e9 en ajoutant vos villes et m\u00e9dias en favori avec <a href=\"https:\/\/moncompte.actu.fr\" title=\"D\u00e9couvez Mon Actu\" rel=\"nofollow noopener\" data-trk=\"{&quot;cta&quot;:{&quot;action&quot;:&quot;https:\\\/\\\/moncompte.actu.fr&quot;,&quot;category&quot;:&quot;mon compte&quot;,&quot;from&quot;:&quot;article footer&quot;,&quot;name&quot;:&quot;Mon actu&quot;,&quot;type&quot;:&quot;cta&quot;}}\" target=\"_blank\">Mon Actu<\/a>.<\/p>\n","protected":false},"excerpt":{"rendered":"Par R\u00e9daction Sport \u00e0 Caen Publi\u00e9 le 14 janv. 2026 \u00e0 17h28 \u00catre l\u2019\u00e9ducateur des U16 de la&hellip;\n","protected":false},"author":2,"featured_media":23363,"comment_status":"","ping_status":"","sticky":false,"template":"","format":"standard","meta":{"footnotes":""},"categories":[62],"tags":[64,14400,311,5750,264,5751],"class_list":{"0":"post-23362","1":"post","2":"type-post","3":"status-publish","4":"format-standard","5":"has-post-thumbnail","7":"category-afrique","8":"tag-afrique","9":"tag-foot-normandie","10":"tag-football","11":"tag-sport-caen","12":"tag-sports","13":"tag-stade-malherbe-de-caen"},"share_on_mastodon":{"url":"","error":""},"_links":{"self":[{"href":"https:\/\/www.europesays.com\/africa\/wp-json\/wp\/v2\/posts\/23362","targetHints":{"allow":["GET"]}}],"collection":[{"href":"https:\/\/www.europesays.com\/africa\/wp-json\/wp\/v2\/posts"}],"about":[{"href":"https:\/\/www.europesays.com\/africa\/wp-json\/wp\/v2\/types\/post"}],"author":[{"embeddable":true,"href":"https:\/\/www.europesays.com\/africa\/wp-json\/wp\/v2\/users\/2"}],"replies":[{"embeddable":true,"href":"https:\/\/www.europesays.com\/africa\/wp-json\/wp\/v2\/comments?post=23362"}],"version-history":[{"count":0,"href":"https:\/\/www.europesays.com\/africa\/wp-json\/wp\/v2\/posts\/23362\/revisions"}],"wp:featuredmedia":[{"embeddable":true,"href":"https:\/\/www.europesays.com\/africa\/wp-json\/wp\/v2\/media\/23363"}],"wp:attachment":[{"href":"https:\/\/www.europesays.com\/africa\/wp-json\/wp\/v2\/media?parent=23362"}],"wp:term":[{"taxonomy":"category","embeddable":true,"href":"https:\/\/www.europesays.com\/africa\/wp-json\/wp\/v2\/categories?post=23362"},{"taxonomy":"post_tag","embeddable":true,"href":"https:\/\/www.europesays.com\/africa\/wp-json\/wp\/v2\/tags?post=23362"}],"curies":[{"name":"wp","href":"https:\/\/api.w.org\/{rel}","templated":true}]}}