{"id":23366,"date":"2026-01-14T17:52:07","date_gmt":"2026-01-14T17:52:07","guid":{"rendered":"https:\/\/www.europesays.com\/africa\/23366\/"},"modified":"2026-01-14T17:52:07","modified_gmt":"2026-01-14T17:52:07","slug":"il-nest-pas-le-seul-un-ancien-fennec-vole-au-secours-de-zidane","status":"publish","type":"post","link":"https:\/\/www.europesays.com\/africa\/23366\/","title":{"rendered":"&#8220;Il n&#8217;est pas le seul&#8221; &#8230; Un ancien Fennec vole au secours de Zidane"},"content":{"rendered":"<p>Samedi apr\u00e8s-midi, l&#8217;Alg\u00e9rie a \u00e9t\u00e9 \u00e9limin\u00e9e tr\u00e8s logiquement par le Nigeria en huiti\u00e8me de finale de la <a href=\"https:\/\/www.onzemondial.com\/selections\/can.html\" rel=\"nofollow noopener\" target=\"_blank\">Coupe d&#8217;Afrique des Nations<\/a>. Une rencontre durant laquelle les Fennecs ont \u00e9t\u00e9 d\u00e9pass\u00e9s avec un Luca Zidane qui a aussi \u00e9t\u00e9 quelque peu d\u00e9faillant. Malgr\u00e9 tout, le portier de Grenade a vu un ancien international alg\u00e9rien voler \u00e0 son secours.<\/p>\n<p>En effet, Nordine Kourichi n&#8217;a pas voulu incriminer le fils de Zin\u00e9dine : &#8220;Luca Zidane m\u2019a-t-il d\u00e9\u00e7u ? C\u2019est son quatri\u00e8me match seulement. Comment pouvoir travailler correctement avec sa d\u00e9fense avant une grande comp\u00e9tition ? Cela devient difficile pour lui parce que c\u2019est un joueur arrivant. Il n\u2019est pas le seul&#8221; a-t-il d\u00e9clar\u00e9 dans des propos accord\u00e9s au <a href=\"http:\/\/leparisien.fr\" rel=\"nofollow noopener\" target=\"_blank\">Parisien<\/a>.<\/p>\n<p>\u00c0 lire aussiKourichi d\u00e9fend Zidane<\/p>\n<p>Pour lui, les trop gros changements de l&#8217;\u00e9quipe ont conduit \u00e0 cette \u00e9limination : &#8220;Il y a trop de changements en \u00e9quipe nationale. C\u2019est un gros probl\u00e8me et on a vu la diff\u00e9rence avec une \u00e9quipe qui se conna\u00eet tr\u00e8s bien : le Nigeria c\u2019est possession du ballon, automatismes et passes \u00e0 l\u2019aveugle. Il y avait de tout aujourd\u2019hui. Le Nigeria \u00e9tait au-dessus dans tous les domaines. Et l\u2019Alg\u00e9rie n\u2019avait pas de v\u00e9cu en commun&#8221; a-t-il constat\u00e9.<\/p>\n<p>Des automatismes qui devront donc \u00eatre travaill\u00e9s en vue de la prochaine Coupe du monde. Apr\u00e8s l&#8217;\u00e9limination, Vladimir Petkovic \u00e9tait d\u00e9j\u00e0 tourn\u00e9 vers l&#8217;avenir : &#8220;Je regrette cette \u00e9limination, mais je f\u00e9licite mon \u00e9quipe pour l\u2019ensemble de la comp\u00e9tition. Les joueurs sont abattus, car nous pensions pouvoir aller loin. Ils ont donn\u00e9 le meilleur d\u2019eux-m\u00eames et r\u00e9alis\u00e9 de belles performances lors des matchs pr\u00e9c\u00e9dents.&#8221;<\/p>\n<p>Enfin, il avait conclu : &#8220;Nous acceptons cette d\u00e9faite, c\u2019est le football. Nous devons continuer \u00e0 travailler pour nous am\u00e9liorer, rester dignes et ne pas tout remettre en cause&#8221;. En effet, du mieux a tout de m\u00eame \u00e9t\u00e9 constat\u00e9 avec une qualification pour le Mondial acquise et un premier quart de finale \u00e0 la CAN depuis 2019, l&#8217;Alg\u00e9rie ayant \u00e9chou\u00e9 lors des deux derni\u00e8res \u00e9ditions \u00e0 passer la phase de poules.<\/p>\n<p>\u00a0<\/p>\n<p>\u00a0<\/p>\n<p>   Partagez cette info avec vos amis et vos proches en cliquant ici<br \/> Pour r\u00e9sumer<\/p>\n<p>L\u2019Alg\u00e9rie a \u00e9t\u00e9 \u00e9limin\u00e9e par le Nigeria en huiti\u00e8me de finale de la CAN. Luca Zidane, critiqu\u00e9, est d\u00e9fendu par Nordine Kourichi, qui pointe les trop nombreux changements dans l\u2019\u00e9quipe. Petkovic reste tourn\u00e9 vers l\u2019avenir et la pr\u00e9paration pour la Coupe du monde.<\/p>\n<p>R\u00e9dacteur<\/p>\n<p><img decoding=\"async\" width=\"76\" height=\"76\" loading=\"lazy\" src=\"https:\/\/www.europesays.com\/africa\/wp-content\/uploads\/2026\/01\/avatar-onze.webp.webp\" alt=\"Nathan Bricout\"\/><\/p>\n","protected":false},"excerpt":{"rendered":"Samedi apr\u00e8s-midi, l&#8217;Alg\u00e9rie a \u00e9t\u00e9 \u00e9limin\u00e9e tr\u00e8s logiquement par le Nigeria en huiti\u00e8me de finale de la Coupe&hellip;\n","protected":false},"author":2,"featured_media":23367,"comment_status":"","ping_status":"","sticky":false,"template":"","format":"standard","meta":{"footnotes":""},"categories":[254],"tags":[255,360],"class_list":{"0":"post-23366","1":"post","2":"type-post","3":"status-publish","4":"format-standard","5":"has-post-thumbnail","7":"category-algerie","8":"tag-algerie","9":"tag-can"},"share_on_mastodon":{"url":"","error":""},"_links":{"self":[{"href":"https:\/\/www.europesays.com\/africa\/wp-json\/wp\/v2\/posts\/23366","targetHints":{"allow":["GET"]}}],"collection":[{"href":"https:\/\/www.europesays.com\/africa\/wp-json\/wp\/v2\/posts"}],"about":[{"href":"https:\/\/www.europesays.com\/africa\/wp-json\/wp\/v2\/types\/post"}],"author":[{"embeddable":true,"href":"https:\/\/www.europesays.com\/africa\/wp-json\/wp\/v2\/users\/2"}],"replies":[{"embeddable":true,"href":"https:\/\/www.europesays.com\/africa\/wp-json\/wp\/v2\/comments?post=23366"}],"version-history":[{"count":0,"href":"https:\/\/www.europesays.com\/africa\/wp-json\/wp\/v2\/posts\/23366\/revisions"}],"wp:featuredmedia":[{"embeddable":true,"href":"https:\/\/www.europesays.com\/africa\/wp-json\/wp\/v2\/media\/23367"}],"wp:attachment":[{"href":"https:\/\/www.europesays.com\/africa\/wp-json\/wp\/v2\/media?parent=23366"}],"wp:term":[{"taxonomy":"category","embeddable":true,"href":"https:\/\/www.europesays.com\/africa\/wp-json\/wp\/v2\/categories?post=23366"},{"taxonomy":"post_tag","embeddable":true,"href":"https:\/\/www.europesays.com\/africa\/wp-json\/wp\/v2\/tags?post=23366"}],"curies":[{"name":"wp","href":"https:\/\/api.w.org\/{rel}","templated":true}]}}