{"id":2338,"date":"2026-01-04T08:51:06","date_gmt":"2026-01-04T08:51:06","guid":{"rendered":"https:\/\/www.europesays.com\/africa\/2338\/"},"modified":"2026-01-04T08:51:06","modified_gmt":"2026-01-04T08:51:06","slug":"le-troisieme-airbus-a330-900neo-pret-pour-la-livraison","status":"publish","type":"post","link":"https:\/\/www.europesays.com\/africa\/2338\/","title":{"rendered":"le troisi\u00e8me Airbus A330-900neo pr\u00eat pour la livraison"},"content":{"rendered":"<p style=\"font-weight: 400;\">Apr\u00e8s la r\u00e9ception fin d\u00e9cembre du\u00a0<a href=\"https:\/\/www.visa-algerie.com\/video-air-algerie-le-2%e1%b5%89-airbus-a330neo-est-arrive-a-alger\/\" target=\"_blank\" rel=\"noopener nofollow\" data-saferedirecturl=\"https:\/\/www.google.com\/url?q=https:\/\/www.visa-algerie.com\/video-air-algerie-le-2%25e1%25b5%2589-airbus-a330neo-est-arrive-a-alger\/&amp;source=gmail&amp;ust=1767600183463000&amp;usg=AOvVaw3RtMT6F-IDqO6vD_Mv9r0W\">deuxi\u00e8me Airbus A330-900neo<\/a>, Air Alg\u00e9rie ne devrait pas tarder \u00e0 recevoir un troisi\u00e8me appareil du m\u00eame type.<\/p>\n<p style=\"font-weight: 400;\">Ce dernier a \u00e9t\u00e9 aper\u00e7u ce samedi 3 janvier sur le site d\u2019Airbus \u00e0 Toulouse.<\/p>\n<p style=\"font-weight: 400;\">La livraison des avions de la nouvelle flotte d\u2019Air Alg\u00e9rie, command\u00e9s aupr\u00e8s du constructeur a\u00e9ronautique europ\u00e9en, s\u2019acc\u00e9l\u00e8re. Un troisi\u00e8me appareil flambant neuf va bient\u00f4t rejoindre la flotte nationale.<\/p>\n<p style=\"font-weight: 400;\">L\u2019avion, immatricul\u00e9 provisoirement F-WWCE, 7T-VJF et portant les couleurs et le logo de la compagnie nationale, a \u00e9t\u00e9 r\u00e9cemment film\u00e9 sur le tarmac du site d\u2019Airbus \u00e0 Toulouse, en France.<\/p>\n<p>Livraison imminente d\u2019un troisi\u00e8me Airbus A330-900neo<\/p>\n<p style=\"font-weight: 400;\">La s\u00e9quence publi\u00e9e ce samedi 3 janvier par la page sp\u00e9cialis\u00e9e Algerian Spotters montre les derni\u00e8res retouches men\u00e9es sur le gros-porteur, avant qu\u2019il entame les diff\u00e9rentes phases de tests en vol qui pr\u00e9c\u00e8dent la livraison officielle.<\/p>\n<p style=\"font-weight: 400;\">L\u2019avion devrait effectuer sous peu les tests du d\u00e9collage interrompu, de vol en situation r\u00e9elle et, comme derni\u00e8re \u00e9tape avant la livraison, le test de vol d\u2019acceptation du client appel\u00e9 \u00e9galement Customer Acceptance Flight (CAF).<\/p>\n<p style=\"font-weight: 400;\">Cet ultime essai sera r\u00e9alis\u00e9 pour s\u2019assurer que l\u2019appareil est conforme aux sp\u00e9cifications contractuelles et fonctionne parfaitement avant sa livraison officielle, \u00e0 travers des tests de tous les syst\u00e8mes dans des conditions r\u00e9elles.<\/p>\n<p style=\"font-weight: 400;\">Pour rappel, le premier Airbus A330-900neo a \u00e9t\u00e9 livr\u00e9 \u00e0 la compagnie a\u00e9rienne nationale jeudi 13 novembre. Il est baptis\u00e9 Novembre 54, en hommage aux martyrs de la r\u00e9volution alg\u00e9rienne du 1\u1d49\u02b3\u00a0novembre\u00a01954.<\/p>\n<p style=\"font-weight: 400;\">Le deuxi\u00e8me avion du m\u00eame type, faisant partie d\u2019une commande globale de 10 appareils aupr\u00e8s du constructeur a\u00e9ronautique europ\u00e9en, a \u00e9t\u00e9 livr\u00e9 mercredi 31 d\u00e9cembre dernier. Les autres avions seront r\u00e9ceptionn\u00e9s durant l\u2019ann\u00e9e 2026.<\/p>\n<p style=\"font-weight: 400;\">En plus de ces dix avions Airbus A330-900neo,\u00a0<a href=\"https:\/\/www.visa-algerie.com\/passagers-repas-nouvelles-lignes-air-algerie-devoile-son-bilan-pour-2025\/\" target=\"_blank\" rel=\"noopener nofollow\" data-saferedirecturl=\"https:\/\/www.google.com\/url?q=https:\/\/www.visa-algerie.com\/passagers-repas-nouvelles-lignes-air-algerie-devoile-son-bilan-pour-2025\/&amp;source=gmail&amp;ust=1767600183463000&amp;usg=AOvVaw34UCom3i86Yg77sTn0Mkcx\">Air Alg\u00e9rie<\/a>\u00a0a command\u00e9 huit appareils moyen-courriers de type Boeing 737-9 Max, ainsi que 16 ATR 72 pour sa filiale Domestic Airlines, d\u00e9di\u00e9e au transport domestique.<\/p>\n","protected":false},"excerpt":{"rendered":"Apr\u00e8s la r\u00e9ception fin d\u00e9cembre du\u00a0deuxi\u00e8me Airbus A330-900neo, Air Alg\u00e9rie ne devrait pas tarder \u00e0 recevoir un troisi\u00e8me&hellip;\n","protected":false},"author":2,"featured_media":2339,"comment_status":"","ping_status":"","sticky":false,"template":"","format":"standard","meta":{"footnotes":""},"categories":[254],"tags":[2259,255],"class_list":{"0":"post-2338","1":"post","2":"type-post","3":"status-publish","4":"format-standard","5":"has-post-thumbnail","7":"category-algerie","8":"tag-air-algerie-a330neo","9":"tag-algerie"},"share_on_mastodon":{"url":"","error":""},"_links":{"self":[{"href":"https:\/\/www.europesays.com\/africa\/wp-json\/wp\/v2\/posts\/2338","targetHints":{"allow":["GET"]}}],"collection":[{"href":"https:\/\/www.europesays.com\/africa\/wp-json\/wp\/v2\/posts"}],"about":[{"href":"https:\/\/www.europesays.com\/africa\/wp-json\/wp\/v2\/types\/post"}],"author":[{"embeddable":true,"href":"https:\/\/www.europesays.com\/africa\/wp-json\/wp\/v2\/users\/2"}],"replies":[{"embeddable":true,"href":"https:\/\/www.europesays.com\/africa\/wp-json\/wp\/v2\/comments?post=2338"}],"version-history":[{"count":0,"href":"https:\/\/www.europesays.com\/africa\/wp-json\/wp\/v2\/posts\/2338\/revisions"}],"wp:featuredmedia":[{"embeddable":true,"href":"https:\/\/www.europesays.com\/africa\/wp-json\/wp\/v2\/media\/2339"}],"wp:attachment":[{"href":"https:\/\/www.europesays.com\/africa\/wp-json\/wp\/v2\/media?parent=2338"}],"wp:term":[{"taxonomy":"category","embeddable":true,"href":"https:\/\/www.europesays.com\/africa\/wp-json\/wp\/v2\/categories?post=2338"},{"taxonomy":"post_tag","embeddable":true,"href":"https:\/\/www.europesays.com\/africa\/wp-json\/wp\/v2\/tags?post=2338"}],"curies":[{"name":"wp","href":"https:\/\/api.w.org\/{rel}","templated":true}]}}