{"id":23385,"date":"2026-01-14T18:04:25","date_gmt":"2026-01-14T18:04:25","guid":{"rendered":"https:\/\/www.europesays.com\/africa\/23385\/"},"modified":"2026-01-14T18:04:25","modified_gmt":"2026-01-14T18:04:25","slug":"coupe-dafrique-des-nations-salah-mane-des-retrouvailles-pour-une-place-en-finale","status":"publish","type":"post","link":"https:\/\/www.europesays.com\/africa\/23385\/","title":{"rendered":"Coupe d&#8217;Afrique des Nations. Salah-Man\u00e9, des retrouvailles pour une place en finale"},"content":{"rendered":"<p>C&#8217;est la premi\u00e8re fois que Mohamed Salah et Sadio Man\u00e9 vont se recroiser sur un m\u00eame terrain depuis la finale de la Ligue des champions perdue contre le Real Madrid, au Stade de France, en mai 2022 : un sommet europ\u00e9en qui avait scell\u00e9 la fin d&#8217;un cycle \u00e0 Anfield.<\/p>\n<p>Sous les ordres de <a href=\"https:\/\/www.republicain-lorrain.fr\/p\/jurgen-klopp\" target=\"_blank\" rel=\"nofollow noopener\">J\u00fcrgen Klopp<\/a>, Mohamed Salah et Sadio Man\u00e9 ont form\u00e9 avec Roberto Firmino l&#8217;un des trios offensifs les plus redoutables d&#8217;Europe. Ensemble, ils ont remport\u00e9 la Ligue des champions en 2019 et la Premier League en 2020, atteignant \u00e9galement deux finales de Ligue des Champions, perdues \u00e0 chaque fois face au Real Madrid.<\/p>\n<p>Redoutable d&#8217;efficacit\u00e9, la relation entre les deux cracks, avides de buts et de statistiques, a parfois \u00e9t\u00e9 \u00e9lectrique sur le terrain, comme l&#8217;a r\u00e9cemment reconnu Sadio Man\u00e9.<\/p>\n<p>\u00ab Mo&#8217; est avant tout un type tr\u00e8s sympa. Mais sur le terrain, parfois il me passait le ballon, parfois non \u00bb, a-t-il racont\u00e9 dans le podcast de Rio Ferdinand, levant ainsi le voile sur la rivalit\u00e9 latente avec son partenaire \u00e9gyptien.<\/p>\n<p>Firmino, moins performant et moins enclin \u00e0 mettre de l&#8217;huile dans les rouages, Klopp, de plus en plus las : dans la foul\u00e9e du fiasco de Saint-Denis, Man\u00e9 a quitt\u00e9 les bords de la Mersey pour le Bayern Munich, avant de rejoindre un an plus tard Al-Nassr en Arabie saoudite, laissant seul Salah ma\u00eetre \u00e0 Liverpool.<\/p>\n<p>Ce contenu est bloqu\u00e9 car vous n&#8217;avez pas accept\u00e9 les cookies et autres traceurs.<\/p>\n<p>En cliquant sur \u00ab J\u2019accepte \u00bb, les cookies et autres traceurs seront d\u00e9pos\u00e9s et vous pourrez visualiser les contenus  (<a href=\"\" class=\"consentModule_policy\" target=\"_blank\" title=\"Consulter la politique de protection des donn\u00e9es du fournisseur\">plus d&#8217;informations<\/a>).<\/p>\n<p>En cliquant sur \u00ab J\u2019accepte tous les cookies \u00bb, vous autorisez des d\u00e9p\u00f4ts de cookies et autres traceurs pour le stockage de vos donn\u00e9es sur nos sites et applications \u00e0 des fins de personnalisation et de ciblage publicitaire.<\/p>\n<p class=\"consentModule_secondaryText\">Vous gardez la possibilit\u00e9 de retirer votre consentement \u00e0 tout moment en consultant notre <a href=\"https:\/\/www.republicain-lorrain.fr\/protection-des-donnees\" target=\"_blank\" title=\"Consulter notre politique de protection des donn\u00e9es\" rel=\"nofollow noopener\">politique de protection des donn\u00e9es<\/a>. <br \/>&#13;<br \/>\n            <a href=\"https:\/\/www.republicain-lorrain.fr\/sport\/2026\/01\/14\/javascript:Didomi.notice.show()\" class=\"consentModule_cmp\" rel=\"nofollow noopener\" target=\"_blank\">G\u00e9rer mes choix<\/a>&#13;\n        <\/p>\n<p>&#13;<br \/>\n                        J&#8217;accepte&#13;<br \/>\n            J&#8217;accepte tous les cookies&#13;\n        <\/p>\n<p>\t<img class=\"placeholder-svg\" loading=\"lazy\" decoding=\"async\" src=\"https:\/\/cdn-files.prsmedia.fr\/files\/REDAC\/images\/svg\/placeholders\/twitter-X.svg\" alt=\"Twitter PlaceHolder\"\/><\/p>\n<p>Des rumeurs persistantes envoient r\u00e9guli\u00e8rement la star \u00e9gyptienne en Arabie saoudite \u00e0 son tour, mais elle est pour l&#8217;heure rest\u00e9e fid\u00e8le aux Reds.<\/p>\n<p>Souvent rel\u00e9gu\u00e9 sur le banc par son entra\u00eeneur Arne Slot depuis le d\u00e9but de saison, incertain sur son avenir en club, Salah est en mission au Maroc.<\/p>\n<p>  Le S\u00e9n\u00e9gal a souvent pris le dessus<\/p>\n<p>Buteur \u00e0 quatre reprises en quatre matches, il a port\u00e9 les Pharaons jusqu&#8217;en demie et poursuit un objectif qui lui \u00e9chappe encore : remporter enfin un titre majeur avec sa s\u00e9lection.<\/p>\n<p>A bient\u00f4t 34 ans, le temps presse pour celui qui a d\u00e9j\u00e0 tout gagn\u00e9 ou presque avec son club. En s\u00e9lection, le souvenir des \u00e9checs pass\u00e9s reste vif. Finaliste malheureux de la CAN 2017 au Gabon face au Cameroun, Salah, devenu capitaine, a surtout v\u00e9cu un cauchemar en 2022 \u00e0 Yaound\u00e9, lorsque le S\u00e9n\u00e9gal a terrass\u00e9 l&#8217;\u00c9gypte aux tirs au but.<\/p>\n<p>Ce soir-l\u00e0, l&#8217;ancien Messin Sadio Man\u00e9 avait manqu\u00e9 un penalty en cours de match, mais s&#8217;\u00e9tait rachet\u00e9 en inscrivant le tir d\u00e9cisif de la s\u00e9ance, offrant aux Lions de la Teranga la premi\u00e8re CAN de leur histoire.<\/p>\n<p>Ce contenu est bloqu\u00e9 car vous n&#8217;avez pas accept\u00e9 les cookies et autres traceurs.<\/p>\n<p>En cliquant sur \u00ab J\u2019accepte \u00bb, les cookies et autres traceurs seront d\u00e9pos\u00e9s et vous pourrez visualiser les contenus  (<a href=\"\" class=\"consentModule_policy\" target=\"_blank\" title=\"Consulter la politique de protection des donn\u00e9es du fournisseur\">plus d&#8217;informations<\/a>).<\/p>\n<p>En cliquant sur \u00ab J\u2019accepte tous les cookies \u00bb, vous autorisez des d\u00e9p\u00f4ts de cookies et autres traceurs pour le stockage de vos donn\u00e9es sur nos sites et applications \u00e0 des fins de personnalisation et de ciblage publicitaire.<\/p>\n<p class=\"consentModule_secondaryText\">Vous gardez la possibilit\u00e9 de retirer votre consentement \u00e0 tout moment en consultant notre <a href=\"https:\/\/www.republicain-lorrain.fr\/protection-des-donnees\" target=\"_blank\" title=\"Consulter notre politique de protection des donn\u00e9es\" rel=\"nofollow noopener\">politique de protection des donn\u00e9es<\/a>. <br \/>&#13;<br \/>\n            <a href=\"https:\/\/www.republicain-lorrain.fr\/sport\/2026\/01\/14\/javascript:Didomi.notice.show()\" class=\"consentModule_cmp\" rel=\"nofollow noopener\" target=\"_blank\">G\u00e9rer mes choix<\/a>&#13;\n        <\/p>\n<p>&#13;<br \/>\n                        J&#8217;accepte&#13;<br \/>\n            J&#8217;accepte tous les cookies&#13;\n        <\/p>\n<p>\t<img class=\"placeholder-svg\" loading=\"lazy\" decoding=\"async\" src=\"https:\/\/cdn-files.prsmedia.fr\/files\/REDAC\/images\/svg\/placeholders\/twitter-X.svg\" alt=\"Twitter PlaceHolder\"\/><\/p>\n<p>Salah, qui n&#8217;avait m\u00eame pas eu l&#8217;occasion de tirer, \u00e9tait au bord des larmes au moment o\u00f9 son ancien partenaire s&#8217;\u00e9rigeait en h\u00e9ros.<\/p>\n<p>L&#8217;histoire s&#8217;est r\u00e9p\u00e9t\u00e9e quelques semaines plus tard lors d&#8217;un barrage de Coupe du monde. Encore une s\u00e9ance de tirs au but. Encore un penalty manqu\u00e9 par Salah. Encore un transform\u00e9 par Man\u00e9. Et, une nouvelle fois, le S\u00e9n\u00e9gal victorieux.<\/p>\n<p>  \u00ab\u00a0J&#8217;attends ce titre\u00a0\u00bb<\/p>\n<p>L&#8217;\u00c9gypte a manqu\u00e9 le tournoi au Qatar, le premier organis\u00e9 dans le monde arabe au cours duquel les Lions de la Teranga ont atteint les huiti\u00e8mes de finale.<\/p>\n<p>Les deux nations se sont depuis qualifi\u00e9es pour la prochaine \u00e9dition en Am\u00e9rique du Nord, probablement la derni\u00e8re danse des deux stars, 33 ans chacune, sur la sc\u00e8ne mondiale.<\/p>\n<p>En Afrique, le S\u00e9n\u00e9gal vise une troisi\u00e8me finale en quatre CAN. L&#8217;\u00c9gypte, d\u00e9j\u00e0 sept fois titr\u00e9e, veut porter son record \u00e0 huit sacres. Deux objectifs distincts, deux pressions qui diff\u00e8rent : Man\u00e9 joue lib\u00e9r\u00e9 depuis son sacre en 2022. Salah, au contraire, court apr\u00e8s un titre qui le fuit.<\/p>\n<p>\u00ab Personne, m\u00eame en Egypte, ne veut remporter ce troph\u00e9e plus que moi \u00bb, a confi\u00e9 Salah apr\u00e8s la victoire contre la C\u00f4te d&#8217;Ivoire en quarts de finale. \u00ab J&#8217;ai remport\u00e9 presque toutes les distinctions. J&#8217;attends ce titre. \u00bb<\/p>\n<p><a href=\"https:\/\/www.republicain-lorrain.fr\/sport\/2026\/01\/10\/coupe-d-afrique-des-nations-l-egypte-ecarte-la-cote-d-ivoire-et-rejoint-le-senegal-en-demi-finale\" target=\"_blank\" rel=\"nofollow noopener\">Mercredi, Man\u00e9 et Salah pourront solder leurs comptes. <\/a>Pour l&#8217;Egyptien, le duel sera peut-\u00eatre sa derni\u00e8re chance de conjurer le sort.<\/p>\n","protected":false},"excerpt":{"rendered":"C&#8217;est la premi\u00e8re fois que Mohamed Salah et Sadio Man\u00e9 vont se recroiser sur un m\u00eame terrain depuis&hellip;\n","protected":false},"author":2,"featured_media":23386,"comment_status":"","ping_status":"","sticky":false,"template":"","format":"standard","meta":{"footnotes":""},"categories":[62],"tags":[64,295,311,310,3062],"class_list":{"0":"post-23385","1":"post","2":"type-post","3":"status-publish","4":"format-standard","5":"has-post-thumbnail","7":"category-afrique","8":"tag-afrique","9":"tag-fil-info","10":"tag-football","11":"tag-sport","12":"tag-sport-national"},"share_on_mastodon":{"url":"","error":""},"_links":{"self":[{"href":"https:\/\/www.europesays.com\/africa\/wp-json\/wp\/v2\/posts\/23385","targetHints":{"allow":["GET"]}}],"collection":[{"href":"https:\/\/www.europesays.com\/africa\/wp-json\/wp\/v2\/posts"}],"about":[{"href":"https:\/\/www.europesays.com\/africa\/wp-json\/wp\/v2\/types\/post"}],"author":[{"embeddable":true,"href":"https:\/\/www.europesays.com\/africa\/wp-json\/wp\/v2\/users\/2"}],"replies":[{"embeddable":true,"href":"https:\/\/www.europesays.com\/africa\/wp-json\/wp\/v2\/comments?post=23385"}],"version-history":[{"count":0,"href":"https:\/\/www.europesays.com\/africa\/wp-json\/wp\/v2\/posts\/23385\/revisions"}],"wp:featuredmedia":[{"embeddable":true,"href":"https:\/\/www.europesays.com\/africa\/wp-json\/wp\/v2\/media\/23386"}],"wp:attachment":[{"href":"https:\/\/www.europesays.com\/africa\/wp-json\/wp\/v2\/media?parent=23385"}],"wp:term":[{"taxonomy":"category","embeddable":true,"href":"https:\/\/www.europesays.com\/africa\/wp-json\/wp\/v2\/categories?post=23385"},{"taxonomy":"post_tag","embeddable":true,"href":"https:\/\/www.europesays.com\/africa\/wp-json\/wp\/v2\/tags?post=23385"}],"curies":[{"name":"wp","href":"https:\/\/api.w.org\/{rel}","templated":true}]}}