{"id":23391,"date":"2026-01-14T18:07:09","date_gmt":"2026-01-14T18:07:09","guid":{"rendered":"https:\/\/www.europesays.com\/africa\/23391\/"},"modified":"2026-01-14T18:07:09","modified_gmt":"2026-01-14T18:07:09","slug":"egypte-une-star-senegalaise-suspendue-pour-une-eventuelle-finale","status":"publish","type":"post","link":"https:\/\/www.europesays.com\/africa\/23391\/","title":{"rendered":"\u00c9gypte : une star s\u00e9n\u00e9galaise suspendue pour une \u00e9ventuelle finale !"},"content":{"rendered":"<p class=\"p1\">C&#8217;\u00e9tait un des grands sujets de ces demi-finales. Avant le coup d&#8217;envoi des deux affiches, pas moins de 20 joueurs \u00e9taient sous la menace d&#8217;une suspension pour la grande finale de la Coupe d&#8217;Afrique des Nations. Les Lions de la Teranga \u00e9taient les plus en danger avec pas moins de sept joueurs sous la menace.<\/p>\n<p>Koulibaly suspendu !<\/p>\n<p class=\"p1\">Apr\u00e8s apr\u00e8s une petite dizaine de minutes de jeu, c&#8217;est Kalidou Koulibaly qui a d\u00fb intervenir \u00e0 la limite du raisonnable, \u00e9copant du premier carton de cette demi-finale entre le S\u00e9n\u00e9gal et l&#8217;\u00c9gypte. Tout de suite, la d\u00e9ception a pu se lire sur son visage, l&#8217;ancien de Naples savait ce qu&#8217;il en d\u00e9coulait, une suspension pour une possible finale.<\/p>\n<p class=\"p1\">Le cauchemar allait m\u00eame continuer pour le roc s\u00e9n\u00e9galais. Touch\u00e9 apr\u00e8s cette faute, il a m\u00eame d\u00fb quitter la pelouse, bless\u00e9, apr\u00e8s seulement 20 minutes de jeu. Un v\u00e9ritable cauchemar.<\/p>\n<p>   Partagez cette info avec vos amis et vos proches en cliquant ici<br \/> Pour r\u00e9sumer<\/p>\n<p>Lors des demi-finales de la CAN, Kalidou Koulibaly, capitaine du S\u00e9n\u00e9gal, a re\u00e7u un carton jaune puis s\u2019est bless\u00e9 apr\u00e8s 20 minutes, le privant d\u2019une \u00e9ventuelle finale et aggravant les craintes de suspensions pour son \u00e9quipe.<\/p>\n<p>R\u00e9dacteur<\/p>\n<p><img decoding=\"async\" width=\"76\" height=\"76\" loading=\"lazy\" src=\"https:\/\/www.europesays.com\/africa\/wp-content\/uploads\/2026\/01\/logo-antoine-chirat.jpg\" alt=\"Antoine Chirat\"\/><\/p>\n","protected":false},"excerpt":{"rendered":"C&#8217;\u00e9tait un des grands sujets de ces demi-finales. Avant le coup d&#8217;envoi des deux affiches, pas moins de&hellip;\n","protected":false},"author":2,"featured_media":23392,"comment_status":"","ping_status":"","sticky":false,"template":"","format":"standard","meta":{"footnotes":""},"categories":[48],"tags":[360,159],"class_list":{"0":"post-23391","1":"post","2":"type-post","3":"status-publish","4":"format-standard","5":"has-post-thumbnail","7":"category-senegal","8":"tag-can","9":"tag-senegal"},"share_on_mastodon":{"url":"","error":""},"_links":{"self":[{"href":"https:\/\/www.europesays.com\/africa\/wp-json\/wp\/v2\/posts\/23391","targetHints":{"allow":["GET"]}}],"collection":[{"href":"https:\/\/www.europesays.com\/africa\/wp-json\/wp\/v2\/posts"}],"about":[{"href":"https:\/\/www.europesays.com\/africa\/wp-json\/wp\/v2\/types\/post"}],"author":[{"embeddable":true,"href":"https:\/\/www.europesays.com\/africa\/wp-json\/wp\/v2\/users\/2"}],"replies":[{"embeddable":true,"href":"https:\/\/www.europesays.com\/africa\/wp-json\/wp\/v2\/comments?post=23391"}],"version-history":[{"count":0,"href":"https:\/\/www.europesays.com\/africa\/wp-json\/wp\/v2\/posts\/23391\/revisions"}],"wp:featuredmedia":[{"embeddable":true,"href":"https:\/\/www.europesays.com\/africa\/wp-json\/wp\/v2\/media\/23392"}],"wp:attachment":[{"href":"https:\/\/www.europesays.com\/africa\/wp-json\/wp\/v2\/media?parent=23391"}],"wp:term":[{"taxonomy":"category","embeddable":true,"href":"https:\/\/www.europesays.com\/africa\/wp-json\/wp\/v2\/categories?post=23391"},{"taxonomy":"post_tag","embeddable":true,"href":"https:\/\/www.europesays.com\/africa\/wp-json\/wp\/v2\/tags?post=23391"}],"curies":[{"name":"wp","href":"https:\/\/api.w.org\/{rel}","templated":true}]}}