{"id":234,"date":"2026-01-03T12:17:10","date_gmt":"2026-01-03T12:17:10","guid":{"rendered":"https:\/\/www.europesays.com\/africa\/234\/"},"modified":"2026-01-03T12:17:10","modified_gmt":"2026-01-03T12:17:10","slug":"can-2025-le-senegal-et-le-soudan-jouent-leur-avenir-a-tanger","status":"publish","type":"post","link":"https:\/\/www.europesays.com\/africa\/234\/","title":{"rendered":"CAN 2025 &#8211; Le S\u00e9n\u00e9gal et le Soudan jouent leur avenir \u00e0 Tanger"},"content":{"rendered":"<p>Le S\u00e9n\u00e9gal et le Soudan s&#8217;affrontent ce\u00a0samedi 3 janvier 2026 \u00e0 16h GMT, au\u00a0stade Ibn-Battuta de Tanger, en ouverture des huiti\u00e8mes de finale de la\u00a0Coupe d&#8217;Afrique des nations (CAN) Maroc 2025. Une rencontre \u00e0 \u00e9limination directe qui d\u00e9terminera la premi\u00e8re \u00e9quipe qualifi\u00e9e pour les quarts de finale.<\/p>\n<p>\u00a0<\/p>\n<p>              <img loading=\"lazy\" decoding=\"async\" src=\"https:\/\/www.europesays.com\/africa\/wp-content\/uploads\/2026\/01\/00680369:269a835022c0d152ee72b1751f826ea6:arc614x376:w614:us1.png\" width=\"614\" height=\"376\"\/><\/p>\n<p>L&#8217;\u00e9quipe soudanaise et l&#8217;\u00e9quipe s\u00e9n\u00e9galaise de football<\/p>\n","protected":false},"excerpt":{"rendered":"Le S\u00e9n\u00e9gal et le Soudan s&#8217;affrontent ce\u00a0samedi 3 janvier 2026 \u00e0 16h GMT, au\u00a0stade Ibn-Battuta de Tanger, en&hellip;\n","protected":false},"author":2,"featured_media":235,"comment_status":"","ping_status":"","sticky":false,"template":"","format":"standard","meta":{"footnotes":""},"categories":[48],"tags":[63,83,265,321,262,165,96,322,261,159,323,310,264,324,263,266,325],"class_list":{"0":"post-234","1":"post","2":"type-post","3":"status-publish","4":"format-standard","5":"has-post-thumbnail","7":"category-senegal","8":"tag-africa","9":"tag-business","10":"tag-current-events","11":"tag-east-africa","12":"tag-economy","13":"tag-morocco","14":"tag-news","15":"tag-north-africa","16":"tag-politics","17":"tag-senegal","18":"tag-soccer","19":"tag-sport","20":"tag-sports","21":"tag-sudan","22":"tag-trade","23":"tag-travel","24":"tag-west-africa"},"share_on_mastodon":{"url":"","error":""},"_links":{"self":[{"href":"https:\/\/www.europesays.com\/africa\/wp-json\/wp\/v2\/posts\/234","targetHints":{"allow":["GET"]}}],"collection":[{"href":"https:\/\/www.europesays.com\/africa\/wp-json\/wp\/v2\/posts"}],"about":[{"href":"https:\/\/www.europesays.com\/africa\/wp-json\/wp\/v2\/types\/post"}],"author":[{"embeddable":true,"href":"https:\/\/www.europesays.com\/africa\/wp-json\/wp\/v2\/users\/2"}],"replies":[{"embeddable":true,"href":"https:\/\/www.europesays.com\/africa\/wp-json\/wp\/v2\/comments?post=234"}],"version-history":[{"count":0,"href":"https:\/\/www.europesays.com\/africa\/wp-json\/wp\/v2\/posts\/234\/revisions"}],"wp:featuredmedia":[{"embeddable":true,"href":"https:\/\/www.europesays.com\/africa\/wp-json\/wp\/v2\/media\/235"}],"wp:attachment":[{"href":"https:\/\/www.europesays.com\/africa\/wp-json\/wp\/v2\/media?parent=234"}],"wp:term":[{"taxonomy":"category","embeddable":true,"href":"https:\/\/www.europesays.com\/africa\/wp-json\/wp\/v2\/categories?post=234"},{"taxonomy":"post_tag","embeddable":true,"href":"https:\/\/www.europesays.com\/africa\/wp-json\/wp\/v2\/tags?post=234"}],"curies":[{"name":"wp","href":"https:\/\/api.w.org\/{rel}","templated":true}]}}