{"id":23477,"date":"2026-01-14T19:02:07","date_gmt":"2026-01-14T19:02:07","guid":{"rendered":"https:\/\/www.europesays.com\/africa\/23477\/"},"modified":"2026-01-14T19:02:07","modified_gmt":"2026-01-14T19:02:07","slug":"lalgerie-ouvre-la-voie-au-retour-des-harraga","status":"publish","type":"post","link":"https:\/\/www.europesays.com\/africa\/23477\/","title":{"rendered":"l\u2019Alg\u00e9rie ouvre la voie au retour des \u201charraga\u201d"},"content":{"rendered":"\n<p><a class=\"ithalc\" data-ithal=\"lien_externe\" data-ithalc=\"[nav_article]\" target=\"_blank\" href=\"https:\/\/www.lexpressiondz.com\/nationale\/le-geste-sage-et-clement-du-president-401836\" rel=\"nofollow noopener\">Pour le quotidien L\u2019Expression<\/a>, proche du pouvoir alg\u00e9rien, il s\u2019agit d\u2019une \u201cmain tendue\u201d. Plus mesur\u00e9, le m\u00e9dia d\u2019opposition <a class=\"ithalc\" data-ithal=\"lien_externe\" data-ithalc=\"[nav_article]\" target=\"_blank\" href=\"https:\/\/lematindalgerie.com\/letat-ouvre-la-voie-a-une-regularisation-encadree-des-migrants-algeriens-en-situation-irreguliere\/?amp=1\" rel=\"nofollow noopener\">Le\u00a0Matin d\u2019Alg\u00e9rie parle<\/a> d\u2019une \u201cd\u00e9cision politique significative\u201d. Dimanche 11\u00a0janvier, lors d\u2019un Conseil des ministres qu\u2019il pr\u00e9sidait, le chef de l\u2019\u00c9tat, Abdelmadjid Tebboune, a annonc\u00e9 la prise d\u2019un d\u00e9cret visant \u00e0 r\u00e9gulariser les migrants en situation irr\u00e9guli\u00e8re \u00e0 l\u2019\u00e9tranger \u2013 d\u00e9sign\u00e9s par le terme harraga en Alg\u00e9rie.<\/p>\n<p>\u201cCes jeunes se trouvent aujourd\u2019hui loin de leur patrie, de leurs proches et de leurs amis, souffrent de pauvret\u00e9 extr\u00eame et de mis\u00e8re, et sont r\u00e9duits \u00e0 ex\u00e9cuter des t\u00e2ches humiliantes, tandis que certains sont instrumentalis\u00e9s contre leur pays\u201d, pr\u00e9cise un <a class=\"ithalc\" data-ithal=\"lien_externe\" data-ithalc=\"[nav_article]\" target=\"_blank\" href=\"https:\/\/www.aps.dz\/fr\/presidence-news\/mka7v5g7-le-president-de-la-republique-lance-un-appel-aux-jeunes-algeriens-se-trouvant-a-l-etranger-en-situation-precaire-et-irreguliere-pour-la-regularisation-de-leur-situation\" rel=\"nofollow noopener\">communiqu\u00e9<\/a> publi\u00e9 \u00e0 l\u2019issue de la r\u00e9union. La rh\u00e9torique du r\u00e9gime sugg\u00e8re que les personnes qui ont fait le pari de l\u2019immigration clandestine ont c\u00e9d\u00e9 aux sir\u00e8nes d\u2019individus cherchant \u00e0 nuire \u00e0 l\u2019\u00c9tat alg\u00e9rien et qu\u2019elles sont d\u00e9sormais exploit\u00e9es et paup\u00e9ris\u00e9es dans leurs pays d\u2019accueil.<\/p>\n<p>Selon l\u2019Organisation internationale pour les migrations (OIM), quelque 54\u00a0000\u00a0Alg\u00e9riens auraient rejoint l\u2019Europe entre 2020 et\u00a02024. Des dizaines de milliers d\u2019individus pourraient donc \u00eatre concern\u00e9s. Dans les faits, il s\u2019agit de mettre les harraga en conformit\u00e9 avec la loi en leur d\u00e9livrant de<\/p>\n","protected":false},"excerpt":{"rendered":"Pour le quotidien L\u2019Expression, proche du pouvoir alg\u00e9rien, il s\u2019agit d\u2019une \u201cmain tendue\u201d. Plus mesur\u00e9, le m\u00e9dia d\u2019opposition&hellip;\n","protected":false},"author":2,"featured_media":23478,"comment_status":"","ping_status":"","sticky":false,"template":"","format":"standard","meta":{"footnotes":""},"categories":[254],"tags":[1834,64,255,313,14463,14464,1747,14466,248,14465,1857],"class_list":{"0":"post-23477","1":"post","2":"type-post","3":"status-publish","4":"format-standard","5":"has-post-thumbnail","7":"category-algerie","8":"tag-abdelmadjid-tebboune","9":"tag-afrique","10":"tag-algerie","11":"tag-algu00e9rie","12":"tag-diaspora-algu00e9rienne","13":"tag-gu00e9opolitique","14":"tag-immigration","15":"tag-migrants-et-flux-migratoires","16":"tag-politique","17":"tag-ru00e9fugiu00e9s-et-demandeurs-dasile","18":"tag-tensions-france-algu00e9rie"},"share_on_mastodon":{"url":"","error":""},"_links":{"self":[{"href":"https:\/\/www.europesays.com\/africa\/wp-json\/wp\/v2\/posts\/23477","targetHints":{"allow":["GET"]}}],"collection":[{"href":"https:\/\/www.europesays.com\/africa\/wp-json\/wp\/v2\/posts"}],"about":[{"href":"https:\/\/www.europesays.com\/africa\/wp-json\/wp\/v2\/types\/post"}],"author":[{"embeddable":true,"href":"https:\/\/www.europesays.com\/africa\/wp-json\/wp\/v2\/users\/2"}],"replies":[{"embeddable":true,"href":"https:\/\/www.europesays.com\/africa\/wp-json\/wp\/v2\/comments?post=23477"}],"version-history":[{"count":0,"href":"https:\/\/www.europesays.com\/africa\/wp-json\/wp\/v2\/posts\/23477\/revisions"}],"wp:featuredmedia":[{"embeddable":true,"href":"https:\/\/www.europesays.com\/africa\/wp-json\/wp\/v2\/media\/23478"}],"wp:attachment":[{"href":"https:\/\/www.europesays.com\/africa\/wp-json\/wp\/v2\/media?parent=23477"}],"wp:term":[{"taxonomy":"category","embeddable":true,"href":"https:\/\/www.europesays.com\/africa\/wp-json\/wp\/v2\/categories?post=23477"},{"taxonomy":"post_tag","embeddable":true,"href":"https:\/\/www.europesays.com\/africa\/wp-json\/wp\/v2\/tags?post=23477"}],"curies":[{"name":"wp","href":"https:\/\/api.w.org\/{rel}","templated":true}]}}