{"id":23481,"date":"2026-01-14T19:04:07","date_gmt":"2026-01-14T19:04:07","guid":{"rendered":"https:\/\/www.europesays.com\/africa\/23481\/"},"modified":"2026-01-14T19:04:07","modified_gmt":"2026-01-14T19:04:07","slug":"mounib-interpelle-laftit-sur-la-culture-de-la-pasteque-malgre-linterdiction-h24info","status":"publish","type":"post","link":"https:\/\/www.europesays.com\/africa\/23481\/","title":{"rendered":"Mounib interpelle Laftit sur la culture de la past\u00e8que malgr\u00e9 l\u2019interdiction , H24info"},"content":{"rendered":"<p>h3{color:#1f66ba;font-family:oxygen,source-sans-pro,Arial,-apple-system,BlinkMacSystemFont,Segoe\\ UI,Roboto,Oxygen-Sans,Ubuntu,Cantarell,Helvetica\\ Neue,Helvetica,sans-serif;font-size:1.25rem;font-weight:600;line-height:1.4;margin:8px 0}]]]]>]]><br \/>\nLa r\u00e9daction vous conseille<\/p>\n<p><a href=\"https:\/\/h24info.ma\/economie\/adoption-projet-de-loi-mcode-de-commerce\/\" class=\"h24-ranking-profile-link\" data-h24-domain=\"H24info\" rel=\"nofollow noopener\" target=\"_blank\"><\/p>\n<p>Chambre des repr\u00e9sentants : feu vert au projet de loi modifiant le Code de commerce<br \/>\n<\/a><\/p>\n<p class=\"h24-ranking-profile-standfirst\">\nLa d\u00e9put\u00e9e Nabila Mounib a interpell\u00e9 le ministre de l\u2019Int\u00e9rieur au sujet de graves dysfonctionnements dans l\u2019application d\u2019un arr\u00eat\u00e9 <a href=\"https:\/\/h24info.ma\/economie\/adoption-projet-de-loi-mcode-de-commerce\/\" style=\"color:#002fff;\" rel=\"nofollow noopener\" target=\"_blank\">Lire la suite<\/a> <\/p>\n<p><a href=\"https:\/\/h24info.ma\/economie\/gasoil-essence-marges-importations-ca\/\" class=\"h24-ranking-profile-link\" data-h24-domain=\"H24info\" rel=\"nofollow noopener\" target=\"_blank\"><\/p>\n<p>Gasoil et essence : situation des marges, importations et ventes au T3-2025 selon le Conseil de la concurrence<br \/>\n<\/a><\/p>\n<p class=\"h24-ranking-profile-standfirst\">\nLa d\u00e9put\u00e9e Nabila Mounib a interpell\u00e9 le ministre de l\u2019Int\u00e9rieur au sujet de graves dysfonctionnements dans l\u2019application d\u2019un arr\u00eat\u00e9 <a href=\"https:\/\/h24info.ma\/economie\/gasoil-essence-marges-importations-ca\/\" style=\"color:#002fff;\" rel=\"nofollow noopener\" target=\"_blank\">Lire la suite<\/a> <\/p>\n<p><a href=\"https:\/\/h24info.ma\/maroc\/politique\/laftit-listes-electorales-scrutin-2026\/\" class=\"h24-ranking-profile-link\" data-h24-domain=\"H24info\" rel=\"nofollow noopener\" target=\"_blank\"><\/p>\n<p>Laftit : des listes \u00e9lectorales fiables, socle indispensable d\u2019un scrutin transparent en 2026<br \/>\n<\/a><\/p>\n<p class=\"h24-ranking-profile-standfirst\">\nLa d\u00e9put\u00e9e Nabila Mounib a interpell\u00e9 le ministre de l\u2019Int\u00e9rieur au sujet de graves dysfonctionnements dans l\u2019application d\u2019un arr\u00eat\u00e9 <a href=\"https:\/\/h24info.ma\/maroc\/politique\/laftit-listes-electorales-scrutin-2026\/\" style=\"color:#002fff;\" rel=\"nofollow noopener\" target=\"_blank\">Lire la suite<\/a> <\/p>\n<p><a href=\"https:\/\/h24info.ma\/maroc\/kiosque\/la-revue-de-presse-de-ce-mercredi-14-janvier\/\" class=\"h24-ranking-profile-link\" data-h24-domain=\"H24info\" rel=\"nofollow noopener\" target=\"_blank\"><\/p>\n<p>La revue de presse de ce mercredi 14 janvier<br \/>\n<\/a><\/p>\n<p class=\"h24-ranking-profile-standfirst\">\nLa d\u00e9put\u00e9e Nabila Mounib a interpell\u00e9 le ministre de l\u2019Int\u00e9rieur au sujet de graves dysfonctionnements dans l\u2019application d\u2019un arr\u00eat\u00e9 <a href=\"https:\/\/h24info.ma\/maroc\/kiosque\/la-revue-de-presse-de-ce-mercredi-14-janvier\/\" style=\"color:#002fff;\" rel=\"nofollow noopener\" target=\"_blank\">Lire la suite<\/a> <\/p>\n","protected":false},"excerpt":{"rendered":"h3{color:#1f66ba;font-family:oxygen,source-sans-pro,Arial,-apple-system,BlinkMacSystemFont,Segoe\\ UI,Roboto,Oxygen-Sans,Ubuntu,Cantarell,Helvetica\\ Neue,Helvetica,sans-serif;font-size:1.25rem;font-weight:600;line-height:1.4;margin:8px 0}]]]]&gt;]]&gt; La r\u00e9daction vous conseille Chambre des repr\u00e9sentants : feu vert au projet de loi&hellip;\n","protected":false},"author":2,"featured_media":23482,"comment_status":"","ping_status":"","sticky":false,"template":"","format":"standard","meta":{"footnotes":""},"categories":[41],"tags":[158],"class_list":{"0":"post-23481","1":"post","2":"type-post","3":"status-publish","4":"format-standard","5":"has-post-thumbnail","7":"category-maroc","8":"tag-maroc"},"share_on_mastodon":{"url":"","error":""},"_links":{"self":[{"href":"https:\/\/www.europesays.com\/africa\/wp-json\/wp\/v2\/posts\/23481","targetHints":{"allow":["GET"]}}],"collection":[{"href":"https:\/\/www.europesays.com\/africa\/wp-json\/wp\/v2\/posts"}],"about":[{"href":"https:\/\/www.europesays.com\/africa\/wp-json\/wp\/v2\/types\/post"}],"author":[{"embeddable":true,"href":"https:\/\/www.europesays.com\/africa\/wp-json\/wp\/v2\/users\/2"}],"replies":[{"embeddable":true,"href":"https:\/\/www.europesays.com\/africa\/wp-json\/wp\/v2\/comments?post=23481"}],"version-history":[{"count":0,"href":"https:\/\/www.europesays.com\/africa\/wp-json\/wp\/v2\/posts\/23481\/revisions"}],"wp:featuredmedia":[{"embeddable":true,"href":"https:\/\/www.europesays.com\/africa\/wp-json\/wp\/v2\/media\/23482"}],"wp:attachment":[{"href":"https:\/\/www.europesays.com\/africa\/wp-json\/wp\/v2\/media?parent=23481"}],"wp:term":[{"taxonomy":"category","embeddable":true,"href":"https:\/\/www.europesays.com\/africa\/wp-json\/wp\/v2\/categories?post=23481"},{"taxonomy":"post_tag","embeddable":true,"href":"https:\/\/www.europesays.com\/africa\/wp-json\/wp\/v2\/tags?post=23481"}],"curies":[{"name":"wp","href":"https:\/\/api.w.org\/{rel}","templated":true}]}}