{"id":23501,"date":"2026-01-14T19:16:08","date_gmt":"2026-01-14T19:16:08","guid":{"rendered":"https:\/\/www.europesays.com\/africa\/23501\/"},"modified":"2026-01-14T19:16:08","modified_gmt":"2026-01-14T19:16:08","slug":"opel-va-ouvrir-une-usine-en-algerie","status":"publish","type":"post","link":"https:\/\/www.europesays.com\/africa\/23501\/","title":{"rendered":"Opel va ouvrir une usine en Alg\u00e9rie"},"content":{"rendered":"<p>La marque allemande a choisi l&#8217;Alg\u00e9rie pour implanter une usine automobile hors d\u2019Europe. D\u00e8s 2026, Opel devrait y fabriquer son Frontera, avant que d\u2019autres mod\u00e8les du Blitz viennent le rejoindre sur les lignes de production.<\/p>\n<p>Opel va construire un site de production hors d&#8217;Europe en Alg\u00e9rie. \u00a9LinkedIn-Florian Huettl<\/p>\n<p>Apr\u00e8s le lancement en d\u00e9cembre 2023 de l\u2019usine <a href=\"https:\/\/journalauto.com\/tag\/fiat\" rel=\"nofollow noopener\" target=\"_blank\">Fiat<\/a> de Tafraoui, pr\u00e8s d\u2019Oran, <a href=\"https:\/\/journalauto.com\/tag\/stellantis\" rel=\"nofollow noopener\" target=\"_blank\">Stellantis<\/a> s\u2019appr\u00eate \u00e0 ouvrir une deuxi\u00e8me usine en Alg\u00e9rie. C\u2019est la marque <a href=\"https:\/\/journalauto.com\/tag\/opel\" rel=\"nofollow noopener\" target=\"_blank\">Opel<\/a> qui a ainsi \u00e9t\u00e9 retenue et qui va donc ouvrir dans le pays un site de production hors d\u2019Europe.<\/p>\n<p>\u00a0<\/p>\n<p>\u00a0<\/p>\n<p>&#8220;Opel choisit l\u2019Alg\u00e9rie pour son nouveau site de production hors d\u2019Europe ! Cette \u00e9tape marque une expansion significative de la pr\u00e9sence internationale d\u2019Opel dans la r\u00e9gion du Moyen-Orient et de l\u2019Afrique et renforce notre engagement \u00e0 long terme envers une croissance r\u00e9gionale durable&#8221;, peut-on lire dans un post LinkedIn de Florian Huettl, le patron d\u2019Opel.<\/p>\n<p>\u00a0<\/p>\n<p>Revenu sur le march\u00e9 alg\u00e9rien en 2023, six ans apr\u00e8s que le gouvernement de l&#8217;\u00e9poque a impos\u00e9 une interdiction d&#8217;importation de v\u00e9hicules neufs, Opel y commercialise aujourd\u2019hui trois de ses mod\u00e8les : le Mokka, l\u2019Astra et le Grandland.<\/p>\n<p>\u00a0<\/p>\n<p>Selon nos confr\u00e8res d\u2019Autonews, la marque allemande aurait choisi de produire le Frontera dans sa nouvelle usine alg\u00e9rienne d\u00e8s 2026. D\u2019autres mod\u00e8les de la gamme du Blitz pourraient par la suite \u00eatre \u00e9galement assembl\u00e9s dans le pays.<\/p>\n<p>\u00a0<\/p>\n<p>\u00a0<\/p>\n<p>&#8220;L\u2019Alg\u00e9rie a \u00e9t\u00e9 un domaine d\u2019attention particulier pour nous ces deux derni\u00e8res ann\u00e9es. Le renforcement progressif de nos partenariats a d\u00e9sormais conduit \u00e0 une \u00e9tape claire suivante : une unit\u00e9 de production d\u00e9di\u00e9e en Alg\u00e9rie, con\u00e7ue pour servir les clients alg\u00e9riens et compl\u00e9ter le r\u00e9seau europ\u00e9en \u00e9tabli d\u2019Opel&#8221;, a d\u00e9clar\u00e9 Florian Huettl.<\/p>\n<p>Vous devez activer le javacript et la gestion des cookies pour b\u00e9n\u00e9ficier de toutes les fonctionnalit\u00e9s.<\/p>\n","protected":false},"excerpt":{"rendered":"La marque allemande a choisi l&#8217;Alg\u00e9rie pour implanter une usine automobile hors d\u2019Europe. D\u00e8s 2026, Opel devrait y&hellip;\n","protected":false},"author":2,"featured_media":23502,"comment_status":"","ping_status":"","sticky":false,"template":"","format":"standard","meta":{"footnotes":""},"categories":[254],"tags":[255,14472,14473],"class_list":{"0":"post-23501","1":"post","2":"type-post","3":"status-publish","4":"format-standard","5":"has-post-thumbnail","7":"category-algerie","8":"tag-algerie","9":"tag-opel","10":"tag-stellantis"},"share_on_mastodon":{"url":"","error":""},"_links":{"self":[{"href":"https:\/\/www.europesays.com\/africa\/wp-json\/wp\/v2\/posts\/23501","targetHints":{"allow":["GET"]}}],"collection":[{"href":"https:\/\/www.europesays.com\/africa\/wp-json\/wp\/v2\/posts"}],"about":[{"href":"https:\/\/www.europesays.com\/africa\/wp-json\/wp\/v2\/types\/post"}],"author":[{"embeddable":true,"href":"https:\/\/www.europesays.com\/africa\/wp-json\/wp\/v2\/users\/2"}],"replies":[{"embeddable":true,"href":"https:\/\/www.europesays.com\/africa\/wp-json\/wp\/v2\/comments?post=23501"}],"version-history":[{"count":0,"href":"https:\/\/www.europesays.com\/africa\/wp-json\/wp\/v2\/posts\/23501\/revisions"}],"wp:featuredmedia":[{"embeddable":true,"href":"https:\/\/www.europesays.com\/africa\/wp-json\/wp\/v2\/media\/23502"}],"wp:attachment":[{"href":"https:\/\/www.europesays.com\/africa\/wp-json\/wp\/v2\/media?parent=23501"}],"wp:term":[{"taxonomy":"category","embeddable":true,"href":"https:\/\/www.europesays.com\/africa\/wp-json\/wp\/v2\/categories?post=23501"},{"taxonomy":"post_tag","embeddable":true,"href":"https:\/\/www.europesays.com\/africa\/wp-json\/wp\/v2\/tags?post=23501"}],"curies":[{"name":"wp","href":"https:\/\/api.w.org\/{rel}","templated":true}]}}