{"id":23503,"date":"2026-01-14T19:17:07","date_gmt":"2026-01-14T19:17:07","guid":{"rendered":"https:\/\/www.europesays.com\/africa\/23503\/"},"modified":"2026-01-14T19:17:07","modified_gmt":"2026-01-14T19:17:07","slug":"seine-et-marne-une-aile-du-centre-commercial-val-deurope-evacuee-apres-un-debut-dincendie-chez-hippopotamus","status":"publish","type":"post","link":"https:\/\/www.europesays.com\/africa\/23503\/","title":{"rendered":"Seine-et-Marne\u00a0: une aile du centre commercial Val d\u2019Europe \u00e9vacu\u00e9e apr\u00e8s un d\u00e9but d\u2019incendie chez Hippopotamus"},"content":{"rendered":"<p class=\"paragraph text_align_left lp-f-body-02\">Effervescence, ce mercredi en fin d\u2019apr\u00e8s-midi, au <a href=\"https:\/\/www.leparisien.fr\/seine-et-marne-77\/hard-discount-val-deurope-premier-centre-commercial-de-la-region-parisienne-a-accueillir-un-lidl-30-10-2023-NYFIG2PDYVB3DO4XY4LGJEIUYU.php\" target=\"_blank\" rel=\"noreferrer nofollow noopener\">centre commercial du Val d\u2019Europe<\/a> \u00e0 Serris. Et pas seulement \u00e0 cause des soldes. Vers 16h30, un d\u00e9but d\u2019incendie s\u2019est d\u00e9clar\u00e9 au niveau d\u2019une hotte du restaurant Hippopotamus, situ\u00e9e dans l\u2019aile des terrasses de la galerie marchande. Par pr\u00e9caution et en raison du d\u00e9gagement de fum\u00e9es, cette partie o\u00f9 est regroup\u00e9e la plupart de la trentaine de restaurants du centre a \u00e9t\u00e9 \u00e9vacu\u00e9e. Selon les pompiers, qui se sont d\u00e9plac\u00e9s en nombre, l\u2019aile ne rouvrira pas avant ce jeudi matin.<\/p>\n<p class=\"\">\u00ab Suite \u00e0 un d\u00e9part de feu survenu dans les cuisines d\u2019un restaurant du centre Val d\u2019Europe, les pompiers sont intervenus imm\u00e9diatement. La s\u00e9curit\u00e9 de nos visiteurs a \u00e9t\u00e9 assur\u00e9e gr\u00e2ce \u00e0 la collaboration de nos \u00e9quipes de s\u00e9curit\u00e9 et des pompiers. La situation est actuellement sous contr\u00f4le. Le centre commercial est ouvert et continue d\u2019accueillir ses visiteurs \u00bb, a fait savoir la direction du centre, qui compte environ 190 boutiques.<\/p>\n<p>Deux agents de s\u00e9curit\u00e9 l\u00e9g\u00e8rement intoxiqu\u00e9s<\/p>\n<p class=\"\">Les policiers du commissariat de police de Lagny-Chessy \u00e9taient \u00e9galement pr\u00e9sents. Concernant l\u2019origine du sinistre, d\u2019origine accidentelle selon toute vraisemblance, la commission de s\u00e9curit\u00e9 \u00e9tait pass\u00e9e en avril 2024 dans le restaurant et n\u2019avait relev\u00e9 aucun dysfonctionnement et donner son feu vert \u00e0 l\u2019exploitation. En raison des d\u00e9g\u00e2ts, l\u2019Hippopotamus va rester ferm\u00e9 pour le moment.<\/p>\n<p class=\"\">D\u2019apr\u00e8s les premiers t\u00e9moignages, deux agents de s\u00e9curit\u00e9 incendie auraient \u00e9t\u00e9 l\u00e9g\u00e8rement intoxiqu\u00e9s par les fum\u00e9es. Ce sont ces deux hommes, \u00e2g\u00e9s de 31 et 59 ans, qui ont permis d\u2019\u00e9teindre rapidement le feu, proc\u00e9d\u00e9 \u00e0 la mise en s\u00e9curit\u00e9 des installations de la cuisine et veiller \u00e0 l\u2019\u00e9vacuation des lieux. Ils ont \u00e9t\u00e9 soign\u00e9s sur place par un m\u00e9decin du Samu. Au total, plus d\u2019une quarantaine de pompiers avec une vingtaine de v\u00e9hicules, ont \u00e9t\u00e9 mobilis\u00e9s pour cette intervention qui s\u2019est termin\u00e9e vers 18h30.<\/p>\n","protected":false},"excerpt":{"rendered":"Effervescence, ce mercredi en fin d\u2019apr\u00e8s-midi, au centre commercial du Val d\u2019Europe \u00e0 Serris. Et pas seulement \u00e0&hellip;\n","protected":false},"author":2,"featured_media":23504,"comment_status":"","ping_status":"","sticky":false,"template":"","format":"standard","meta":{"footnotes":""},"categories":[48],"tags":[10016,8886,159],"class_list":{"0":"post-23503","1":"post","2":"type-post","3":"status-publish","4":"format-standard","5":"has-post-thumbnail","7":"category-senegal","8":"tag-ma-ville","9":"tag-seine-et-marne","10":"tag-senegal"},"share_on_mastodon":{"url":"","error":""},"_links":{"self":[{"href":"https:\/\/www.europesays.com\/africa\/wp-json\/wp\/v2\/posts\/23503","targetHints":{"allow":["GET"]}}],"collection":[{"href":"https:\/\/www.europesays.com\/africa\/wp-json\/wp\/v2\/posts"}],"about":[{"href":"https:\/\/www.europesays.com\/africa\/wp-json\/wp\/v2\/types\/post"}],"author":[{"embeddable":true,"href":"https:\/\/www.europesays.com\/africa\/wp-json\/wp\/v2\/users\/2"}],"replies":[{"embeddable":true,"href":"https:\/\/www.europesays.com\/africa\/wp-json\/wp\/v2\/comments?post=23503"}],"version-history":[{"count":0,"href":"https:\/\/www.europesays.com\/africa\/wp-json\/wp\/v2\/posts\/23503\/revisions"}],"wp:featuredmedia":[{"embeddable":true,"href":"https:\/\/www.europesays.com\/africa\/wp-json\/wp\/v2\/media\/23504"}],"wp:attachment":[{"href":"https:\/\/www.europesays.com\/africa\/wp-json\/wp\/v2\/media?parent=23503"}],"wp:term":[{"taxonomy":"category","embeddable":true,"href":"https:\/\/www.europesays.com\/africa\/wp-json\/wp\/v2\/categories?post=23503"},{"taxonomy":"post_tag","embeddable":true,"href":"https:\/\/www.europesays.com\/africa\/wp-json\/wp\/v2\/tags?post=23503"}],"curies":[{"name":"wp","href":"https:\/\/api.w.org\/{rel}","templated":true}]}}