{"id":23544,"date":"2026-01-14T19:43:05","date_gmt":"2026-01-14T19:43:05","guid":{"rendered":"https:\/\/www.europesays.com\/africa\/23544\/"},"modified":"2026-01-14T19:43:05","modified_gmt":"2026-01-14T19:43:05","slug":"le-senegal-qualifie-pour-la-finale-aux-depens-de-legypte-1-0","status":"publish","type":"post","link":"https:\/\/www.europesays.com\/africa\/23544\/","title":{"rendered":"Le S\u00e9n\u00e9gal qualifi\u00e9 pour la finale aux d\u00e9pens de l\u2019\u00c9gypte (1-0)"},"content":{"rendered":"<p>Dans le duel qui l\u2019opposait \u00e0 Mohamed Salah, son ex-partenaire \u00e0 Liverpool, c\u2019est la star s\u00e9n\u00e9galaise qui l\u2019a emport\u00e9, pour donner \u00e0 son pays une chance de remporter une seconde CAN, apr\u00e8s 2021. Le S\u00e9n\u00e9gal va disputer sa troisi\u00e8me finale en quatre \u00e9ditions. Quant \u00e0 Salah, 33\u00a0ans m\u00eame si l\u2019\u00c9gypte est qualifi\u00e9e pour le Mondial-2026, il ne remportera certainement jamais une comp\u00e9tition majeure avec sa s\u00e9lection. Les Lions de la Teranga, favoris annonc\u00e9s de la comp\u00e9tition, y avancent irr\u00e9m\u00e9diablement. Sans briller, sans jamais trembler non plus.<\/p>\n<p>Le cauchemar de Koulibaly<\/p>\n<p>Tout se serait d\u2019ailleurs d\u00e9roul\u00e9 sans accroc pour le S\u00e9n\u00e9gal si Kalidou Koulibaly, son capitaine, n\u2019avait pas v\u00e9cu un match cauchemardesque. Les S\u00e9n\u00e9galais monopolisaient le ballon, obligeant l\u2019\u00c9gypte \u00e0 s\u2019arc-bouter en d\u00e9fense, Iliman Ndiaye, sur son c\u00f4t\u00e9 gauche, commen\u00e7ait \u00e0 martyriser ses d\u00e9fenseurs par ses dribbles et ses acc\u00e9l\u00e9rations. Mais sur une action typique du jeu \u00e9gyptien l\u2019apr\u00e8s-midi a tr\u00e8s vite vir\u00e9 au mauvais r\u00eave pour Koulibaly. Apr\u00e8s une des rares r\u00e9cup\u00e9rations \u00e9gyptiennes, Emam Ashour a alert\u00e9 en profondeur Omar Marmoush, obligeant le d\u00e9fenseur d\u2019Al-Hilal \u00e0 faire une faute suffisamment s\u00e9v\u00e8re pour qu\u2019il \u00e9cope d\u2019un carton jaune (16e).<\/p>\n<p>D\u00e9j\u00e0 averti en quarts face au Mali, Koulibaly, \u00e9galement suspendu lors du huiti\u00e8me face au Soudan, aurait alors quoi qu\u2019il en soit manqu\u00e9 la finale pour deux cartons jaunes re\u00e7us. Quelques minutes plus tard, le \u00ab\u00a0roc\u00a0\u00bb s\u00e9n\u00e9galais s\u2019est assis d\u00e9pit\u00e9 sur la pelouse du Grand stade Tanger, touch\u00e9 \u00e0 l\u2019adducteur gauche. Il a bien essay\u00e9 de continuer un peu, mais a d\u00fb se rendre \u00e0 l\u2019\u00e9vidence\u00a0: \u00e0 la 23e minute, incapable de courir, il a c\u00e9d\u00e9 sa place \u00e0 Mamadou Sarr, le d\u00e9fenseur central de Strasbourg et son brassard de capitaine \u00e0 Idrissa Gueye, l\u2019un des trois autres mousquetaires trentenaires de l\u2019\u00e9quipe.<\/p>\n<p>Salah, Marmoush muets<\/p>\n<p>La perte de son capitaine n\u2019a pas perturb\u00e9 le S\u00e9n\u00e9gal qui a continu\u00e9, sans lui, \u00e0 accaparer le ballon et harceler la d\u00e9fense \u00e9gyptienne. Sans r\u00e9ussite ni grand danger toutefois, pour El Shenawy, 37\u00a0ans, le gardien v\u00e9t\u00e9ran. En premi\u00e8re p\u00e9riode, les Lions ont \u00e9galement perdu un second joueur pour la finale lorsque Habib Diarra, lui aussi averti en quarts face au Mali, a \u00e9cop\u00e9 \u00e0 son tour d\u2019un carton jaune apr\u00e8s que les deux bancs soient mont\u00e9s en tension sans que l\u2019on ne sache vraiment pourquoi (42e).<\/p>\n","protected":false},"excerpt":{"rendered":"Dans le duel qui l\u2019opposait \u00e0 Mohamed Salah, son ex-partenaire \u00e0 Liverpool, c\u2019est la star s\u00e9n\u00e9galaise qui l\u2019a&hellip;\n","protected":false},"author":2,"featured_media":23545,"comment_status":"","ping_status":"","sticky":false,"template":"","format":"standard","meta":{"footnotes":""},"categories":[62],"tags":[64],"class_list":{"0":"post-23544","1":"post","2":"type-post","3":"status-publish","4":"format-standard","5":"has-post-thumbnail","7":"category-afrique","8":"tag-afrique"},"share_on_mastodon":{"url":"","error":""},"_links":{"self":[{"href":"https:\/\/www.europesays.com\/africa\/wp-json\/wp\/v2\/posts\/23544","targetHints":{"allow":["GET"]}}],"collection":[{"href":"https:\/\/www.europesays.com\/africa\/wp-json\/wp\/v2\/posts"}],"about":[{"href":"https:\/\/www.europesays.com\/africa\/wp-json\/wp\/v2\/types\/post"}],"author":[{"embeddable":true,"href":"https:\/\/www.europesays.com\/africa\/wp-json\/wp\/v2\/users\/2"}],"replies":[{"embeddable":true,"href":"https:\/\/www.europesays.com\/africa\/wp-json\/wp\/v2\/comments?post=23544"}],"version-history":[{"count":0,"href":"https:\/\/www.europesays.com\/africa\/wp-json\/wp\/v2\/posts\/23544\/revisions"}],"wp:featuredmedia":[{"embeddable":true,"href":"https:\/\/www.europesays.com\/africa\/wp-json\/wp\/v2\/media\/23545"}],"wp:attachment":[{"href":"https:\/\/www.europesays.com\/africa\/wp-json\/wp\/v2\/media?parent=23544"}],"wp:term":[{"taxonomy":"category","embeddable":true,"href":"https:\/\/www.europesays.com\/africa\/wp-json\/wp\/v2\/categories?post=23544"},{"taxonomy":"post_tag","embeddable":true,"href":"https:\/\/www.europesays.com\/africa\/wp-json\/wp\/v2\/tags?post=23544"}],"curies":[{"name":"wp","href":"https:\/\/api.w.org\/{rel}","templated":true}]}}