{"id":23573,"date":"2026-01-14T20:01:09","date_gmt":"2026-01-14T20:01:09","guid":{"rendered":"https:\/\/www.europesays.com\/africa\/23573\/"},"modified":"2026-01-14T20:01:09","modified_gmt":"2026-01-14T20:01:09","slug":"la-chambre-des-representants-adopte-le-projet-de-loi-relatif-a-la-procedure-civile-suite-a-la-decision-de-la-cour-constitutionnelle","status":"publish","type":"post","link":"https:\/\/www.europesays.com\/africa\/23573\/","title":{"rendered":"La Chambre des repr\u00e9sentants adopte le projet de loi relatif \u00e0 la proc\u00e9dure civile suite \u00e0 la d\u00e9cision de la Cour constitutionnelle"},"content":{"rendered":"<p>Pr\u00e9sentant le projet de loi, le ministre de la Justice, Abdelatif Ouahbi, a indiqu\u00e9 que son D\u00e9partement a tenu compte des effets juridiques, en application des dispositions de l&#8217;article 134 de la Constitution qui stipule que les d\u00e9cisions de la Cour constitutionnelle sont contraignantes pour l&#8217;ensemble des autorit\u00e9s publiques et des instances administratives et judiciaires, cette juridiction \u00e9tant l&#8217;ultime garant des droits et des libert\u00e9s. <\/p>\n<p>Les dispositions du premier alin\u00e9a de l&#8217;article 17 du projet de loi ont \u00e9t\u00e9 amend\u00e9es en d\u00e9finissant les cas sp\u00e9cifiques dans lesquels le Parquet comp\u00e9tent peut, sur ordre \u00e9crit du procureur g\u00e9n\u00e9ral du Roi pr\u00e8s la Cour de cassation, d\u00e9clarer la nullit\u00e9 dans un d\u00e9lai de cinq ans \u00e0 compter de la date \u00e0 laquelle la d\u00e9cision a acquis la force de la chose jug\u00e9e. <\/p>\n<p>Les dispositions du dernier alin\u00e9a de l&#8217;article 90 ont \u00e9galement \u00e9t\u00e9 modifi\u00e9es, en pr\u00e9voyant les conditions proc\u00e9durales fondamentales et essentielles pour garantir les droits de la d\u00e9fense et le principe de publicit\u00e9 des audiences concernant leur tenue \u00e0 distance, tout en s&#8217;appuyant sur un texte r\u00e9glementaire en ce qui concerne les modalit\u00e9s de ce d\u00e9roulement en application de la d\u00e9cision de la Cour constitutionnelle, a-t-il expliqu\u00e9. <\/p>\n<p>Compte tenu des observations de cette Cour, les deux derniers alin\u00e9as des articles 107 et 364 ont \u00e9t\u00e9 modifi\u00e9s en supprimant l&#8217;expression &#8220;sans pouvoir r\u00e9pliquer&#8221;, d&#8217;autant plus qu&#8217;il s&#8217;agit, selon le ministre, d&#8217;une restriction injustifi\u00e9e au droit de la d\u00e9fense, sans fondement l\u00e9gitime. <\/p>\n<p>Parmi les dispositions du texte, figure \u00e9galement le droit des parties au proc\u00e8s civil \u00e0 obtenir une copie des conclusions du commissaire Royal de la Loi et du droit et d&#8217;y r\u00e9pliquer, conform\u00e9ment \u00e0 la d\u00e9cision de la Cour constitutionnelle. <\/p>\n<p>Par ailleurs, le procureur g\u00e9n\u00e9ral pr\u00e8s la Cour de cassation est d\u00e9sormais le seul habilit\u00e9 \u00e0 saisir la Cour des d\u00e9cisions dans lesquelles les juges auraient outrepass\u00e9 leurs pouvoirs, ainsi que des cas de doute l\u00e9gitime lorsque les parties n&#8217;ont pas pr\u00e9sent\u00e9 de requ\u00eate en la mati\u00e8re, conform\u00e9ment \u00e0 l&#8217;amendement apport\u00e9 aux deux premiers alin\u00e9as des articles 408 et 410 du projet de loi. <\/p>\n<p>En application de la d\u00e9cision de la Cour constitutionnelle, le syst\u00e8me informatique et la base de donn\u00e9es y aff\u00e9rente seront g\u00e9r\u00e9s par le pouvoir judiciaire, en coordination avec l&#8217;autorit\u00e9 gouvernementale charg\u00e9e de la justice, chacun dans les limites de ses comp\u00e9tences. <\/p>\n<p>Les modifications concernent, outre les r\u00e9visions de fond et la correction d&#8217;erreurs mat\u00e9rielles dans un ensemble d&#8217;articles, en vue d&#8217;am\u00e9liorer la formulation l\u00e9gislative, a fait remarquer M. Ouahbi.<\/p>\n","protected":false},"excerpt":{"rendered":"Pr\u00e9sentant le projet de loi, le ministre de la Justice, Abdelatif Ouahbi, a indiqu\u00e9 que son D\u00e9partement a&hellip;\n","protected":false},"author":2,"featured_media":23574,"comment_status":"","ping_status":"","sticky":false,"template":"","format":"standard","meta":{"footnotes":""},"categories":[41],"tags":[554,553,555,556,563,565,560,567,561,557,162,566,564,558,559,158,562,248,239,310,568],"class_list":{"0":"post-23573","1":"post","2":"type-post","3":"status-publish","4":"format-standard","5":"has-post-thumbnail","7":"category-maroc","8":"tag-actualites","9":"tag-actualites-et-infos-au-maroc","10":"tag-actualites-et-infos-mondiale","11":"tag-actualites-marocaines-du-jour","12":"tag-alimentation","13":"tag-analyses","14":"tag-art-de-vivre","15":"tag-chronique","16":"tag-consommation-et-bien-etre","17":"tag-culture","18":"tag-economie","19":"tag-edito","20":"tag-etudes","21":"tag-insolite","22":"tag-loisirs","23":"tag-maroc","24":"tag-mode","25":"tag-politique","26":"tag-societe","27":"tag-sport","28":"tag-tribune"},"share_on_mastodon":{"url":"","error":""},"_links":{"self":[{"href":"https:\/\/www.europesays.com\/africa\/wp-json\/wp\/v2\/posts\/23573","targetHints":{"allow":["GET"]}}],"collection":[{"href":"https:\/\/www.europesays.com\/africa\/wp-json\/wp\/v2\/posts"}],"about":[{"href":"https:\/\/www.europesays.com\/africa\/wp-json\/wp\/v2\/types\/post"}],"author":[{"embeddable":true,"href":"https:\/\/www.europesays.com\/africa\/wp-json\/wp\/v2\/users\/2"}],"replies":[{"embeddable":true,"href":"https:\/\/www.europesays.com\/africa\/wp-json\/wp\/v2\/comments?post=23573"}],"version-history":[{"count":0,"href":"https:\/\/www.europesays.com\/africa\/wp-json\/wp\/v2\/posts\/23573\/revisions"}],"wp:featuredmedia":[{"embeddable":true,"href":"https:\/\/www.europesays.com\/africa\/wp-json\/wp\/v2\/media\/23574"}],"wp:attachment":[{"href":"https:\/\/www.europesays.com\/africa\/wp-json\/wp\/v2\/media?parent=23573"}],"wp:term":[{"taxonomy":"category","embeddable":true,"href":"https:\/\/www.europesays.com\/africa\/wp-json\/wp\/v2\/categories?post=23573"},{"taxonomy":"post_tag","embeddable":true,"href":"https:\/\/www.europesays.com\/africa\/wp-json\/wp\/v2\/tags?post=23573"}],"curies":[{"name":"wp","href":"https:\/\/api.w.org\/{rel}","templated":true}]}}